{"id":6772,"date":"2026-09-02T13:03:31","date_gmt":"2026-09-02T11:03:31","guid":{"rendered":"https:\/\/olympiquesaumur.fr\/?p=6772"},"modified":"2026-09-02T13:05:59","modified_gmt":"2026-09-02T11:05:59","slug":"national-1-j2-les-saumurois-sonnes-sur-le-gong-a-bayonne-1-0","status":"publish","type":"post","link":"https:\/\/olympiquesaumur.fr\/index.php\/2026\/09\/02\/national-1-j2-les-saumurois-sonnes-sur-le-gong-a-bayonne-1-0\/","title":{"rendered":"National 1 (J2) : Les Saumurois sonn\u00e9s sur le gong \u00e0 Bayonne (1-0)"},"content":{"rendered":"\t\t<div data-elementor-type=\"wp-post\" data-elementor-id=\"6772\" class=\"elementor elementor-6772\">\n\t\t\t\t<div class=\"elementor-element elementor-element-f8f10cd e-flex e-con-boxed wpr-particle-no wpr-jarallax-no wpr-parallax-no wpr-sticky-section-no e-con e-parent\" data-id=\"f8f10cd\" data-element_type=\"container\" data-settings=\"{&quot;container_type&quot;:&quot;flex&quot;,&quot;content_width&quot;:&quot;boxed&quot;}\" data-core-v316-plus=\"true\">\n\t\t\t\t\t<div class=\"e-con-inner\">\n\t\t\t\t<div class=\"elementor-element elementor-element-442f8b2 elementor-widget elementor-widget-heading\" data-id=\"442f8b2\" data-element_type=\"widget\" data-widget_type=\"heading.default\">\n\t\t\t\t<div class=\"elementor-widget-container\">\n\t\t\t<style>\/*! elementor - v3.19.0 - 28-02-2024 *\/\n.elementor-heading-title{padding:0;margin:0;line-height:1}.elementor-widget-heading .elementor-heading-title[class*=elementor-size-]>a{color:inherit;font-size:inherit;line-height:inherit}.elementor-widget-heading .elementor-heading-title.elementor-size-small{font-size:15px}.elementor-widget-heading .elementor-heading-title.elementor-size-medium{font-size:19px}.elementor-widget-heading .elementor-heading-title.elementor-size-large{font-size:29px}.elementor-widget-heading .elementor-heading-title.elementor-size-xl{font-size:39px}.elementor-widget-heading .elementor-heading-title.elementor-size-xxl{font-size:59px}<\/style><h2 class=\"elementor-heading-title elementor-size-default\">National 1 (J2) : Les Saumurois sonn\u00e9s sur le gong \u00e0 Bayonne (1-0)<\/h2>\t\t<\/div>\n\t\t\t\t<\/div>\n\t\t\t\t\t<\/div>\n\t\t\t\t<\/div>\n\t\t<div class=\"elementor-element elementor-element-621f9ce e-flex e-con-boxed wpr-particle-no wpr-jarallax-no wpr-parallax-no wpr-sticky-section-no e-con e-parent\" data-id=\"621f9ce\" data-element_type=\"container\" data-settings=\"{&quot;container_type&quot;:&quot;flex&quot;,&quot;content_width&quot;:&quot;boxed&quot;}\" data-core-v316-plus=\"true\">\n\t\t\t\t\t<div class=\"e-con-inner\">\n\t\t\t\t<div class=\"elementor-element elementor-element-7bc2b31 elementor-widget elementor-widget-text-editor\" data-id=\"7bc2b31\" data-element_type=\"widget\" data-widget_type=\"text-editor.default\">\n\t\t\t\t<div class=\"elementor-widget-container\">\n\t\t\t<style>\/*! elementor - v3.19.0 - 28-02-2024 *\/\n.elementor-widget-text-editor.elementor-drop-cap-view-stacked .elementor-drop-cap{background-color:#69727d;color:#fff}.elementor-widget-text-editor.elementor-drop-cap-view-framed .elementor-drop-cap{color:#69727d;border:3px solid;background-color:transparent}.elementor-widget-text-editor:not(.elementor-drop-cap-view-default) .elementor-drop-cap{margin-top:8px}.elementor-widget-text-editor:not(.elementor-drop-cap-view-default) .elementor-drop-cap-letter{width:1em;height:1em}.elementor-widget-text-editor .elementor-drop-cap{float:left;text-align:center;line-height:1;font-size:50px}.elementor-widget-text-editor .elementor-drop-cap-letter{display:inline-block}<\/style>\t\t\t\t<p data-path-to-node=\"2\">En d\u00e9placement ce samedi 29 ao\u00fbt sur la pelouse du Stade Didier Deschamps pour d\u00e9fier l&rsquo;Aviron Bayonnais \u2014 l&rsquo;un des grands favoris du groupe \u2014, l&rsquo;Olympique Saumur a fr\u00f4l\u00e9 l&rsquo;exploit. Solides, rigoureux et bien organis\u00e9s pendant plus de 90 minutes, les hommes de Nicolas Lem\u00e9tayer ont malheureusement c\u00e9d\u00e9 sur l&rsquo;ultime action du match dans le temps additionnel. Une d\u00e9faite particuli\u00e8rement cruelle au vu du visage affich\u00e9 par nos Olympiens.<\/p>\n<h2 data-path-to-node=\"4\">Le fil de la rencontre : Un mur saumurois bris\u00e9 \u00e0 la 95\u1d49 minute<\/h2>\n<p data-path-to-node=\"5\">Face \u00e0 une formation basque ambitieuse, pouss\u00e9e par son public et en confiance apr\u00e8s sa victoire initiale, les Saumurois ont livr\u00e9 une prestation collective de haut vol sur le plan d\u00e9fensif.<\/p>\n<p data-path-to-node=\"6\">En premi\u00e8re p\u00e9riode, le bloc saumurois a parfaitement neutralis\u00e9 les offensives locales. Mieux encore : bien en place tactiquement, l&rsquo;Olympique s&rsquo;est procur\u00e9 deux opportunit\u00e9s franches en contre-attaque qui auraient pu faire basculer la rencontre en notre faveur.<\/p>\n<p data-path-to-node=\"7\">Au retour des vestiaires, la pression bayonnaise s&rsquo;est accentu\u00e9e, mais la d\u00e9fense rouge et bleue a tenu bon avec h\u00e9ro\u00efsme. Alors que l&rsquo;on s&rsquo;acheminait vers un point du nul pr\u00e9cieux et m\u00e9rit\u00e9, la rencontre a bascul\u00e9 au bout du suspense : \u00e0 la 90&rsquo;+5, sur la toute derni\u00e8re opportunit\u00e9 du match, Mario Fortunato est venu d\u00e9livrer les siennes et offrir la victoire \u00e0 Bayonne.<\/p>\n<h2 data-path-to-node=\"9\">L&rsquo;analyse du match<\/h2>\n<p data-path-to-node=\"10\">S&rsquo;incliner dans les ultimes secondes de la partie laisse forc\u00e9ment un go\u00fbt amer, mais la prestation livr\u00e9e chez le leader du championnat confirme la mont\u00e9e en puissance du groupe. Tenir t\u00eate \u00e0 une telle \u00e9curie tout en se procurant des balles de match prouve que nos Saumurois ont toute leur place dans ce championnat exigeant de National 1. Il faudra conserver cette rigueur et gagner en efficacit\u00e9 dans les zones de v\u00e9rit\u00e9 d\u00e8s le week-end prochain \u00e0 domicile face \u00e0 Pontivy.<\/p>\t\t\t\t\t\t<\/div>\n\t\t\t\t<\/div>\n\t\t\t\t\t<\/div>\n\t\t\t\t<\/div>\n\t\t\t\t<\/div>\n\t\t","protected":false},"excerpt":{"rendered":"<p>National 1 (J2) : Les Saumurois sonn\u00e9s sur le gong \u00e0 Bayonne (1-0) En d\u00e9placement ce samedi 29 ao\u00fbt sur la pelouse du Stade Didier Deschamps pour d\u00e9fier l&rsquo;Aviron Bayonnais \u2014 l&rsquo;un des grands favoris du groupe \u2014, l&rsquo;Olympique Saumur a fr\u00f4l\u00e9 l&rsquo;exploit. Solides, rigoureux et bien organis\u00e9s pendant plus de 90 minutes, les hommes&#8230;<\/p>\n","protected":false},"author":1,"featured_media":6773,"comment_status":"closed","ping_status":"","sticky":false,"template":"","format":"standard","meta":{"om_disable_all_campaigns":false,"_monsterinsights_skip_tracking":false,"_kadence_starter_templates_imported_post":false,"_kad_post_transparent":"","_kad_post_title":"","_kad_post_layout":"","_kad_post_sidebar_id":"","_kad_post_content_style":"","_kad_post_vertical_padding":"","_kad_post_feature":"","_kad_post_feature_position":"","_kad_post_header":false,"_kad_post_footer":false,"footnotes":""},"categories":[8],"tags":[],"class_list":["post-6772","post","type-post","status-publish","format-standard","has-post-thumbnail","hentry","category-actualites"],"yoast_head":"<!-- This site is optimized with the Yoast SEO plugin v22.2 - https:\/\/yoast.com\/wordpress\/plugins\/seo\/ -->\n<title>National 1 (J2) : Les Saumurois sonn\u00e9s sur le gong \u00e0 Bayonne (1-0) - Olympique Saumur<\/title>\n<meta name=\"robots\" content=\"index, follow, max-snippet:-1, max-image-preview:large, max-video-preview:-1\" \/>\n<link rel=\"canonical\" href=\"https:\/\/olympiquesaumur.fr\/index.php\/2026\/09\/02\/national-1-j2-les-saumurois-sonnes-sur-le-gong-a-bayonne-1-0\/\" \/>\n<meta property=\"og:locale\" content=\"fr_FR\" \/>\n<meta property=\"og:type\" content=\"article\" \/>\n<meta property=\"og:title\" content=\"National 1 (J2) : Les Saumurois sonn\u00e9s sur le gong \u00e0 Bayonne (1-0) - Olympique Saumur\" \/>\n<meta property=\"og:description\" content=\"National 1 (J2) : Les Saumurois sonn\u00e9s sur le gong \u00e0 Bayonne (1-0) En d\u00e9placement ce samedi 29 ao\u00fbt sur la pelouse du Stade Didier Deschamps pour d\u00e9fier l&rsquo;Aviron Bayonnais \u2014 l&rsquo;un des grands favoris du groupe \u2014, l&rsquo;Olympique Saumur a fr\u00f4l\u00e9 l&rsquo;exploit. Solides, rigoureux et bien organis\u00e9s pendant plus de 90 minutes, les hommes...\" \/>\n<meta property=\"og:url\" content=\"https:\/\/olympiquesaumur.fr\/index.php\/2026\/09\/02\/national-1-j2-les-saumurois-sonnes-sur-le-gong-a-bayonne-1-0\/\" \/>\n<meta property=\"og:site_name\" content=\"Olympique Saumur\" \/>\n<meta property=\"article:published_time\" content=\"2026-09-02T11:03:31+00:00\" \/>\n<meta property=\"article:modified_time\" content=\"2026-09-02T11:05:59+00:00\" \/>\n<meta property=\"og:image\" content=\"https:\/\/olympiquesaumur.fr\/wp-content\/uploads\/2026\/09\/defaite_bayonne.jpg\" \/>\n\t<meta property=\"og:image:width\" content=\"1080\" \/>\n\t<meta property=\"og:image:height\" content=\"1350\" \/>\n\t<meta property=\"og:image:type\" content=\"image\/jpeg\" \/>\n<meta name=\"author\" content=\"adminOSFC\" \/>\n<meta name=\"twitter:card\" content=\"summary_large_image\" \/>\n<meta name=\"twitter:label1\" content=\"\u00c9crit par\" \/>\n\t<meta name=\"twitter:data1\" content=\"adminOSFC\" \/>\n\t<meta name=\"twitter:label2\" content=\"Dur\u00e9e de lecture estim\u00e9e\" \/>\n\t<meta name=\"twitter:data2\" content=\"2 minutes\" \/>\n<script type=\"application\/ld+json\" class=\"yoast-schema-graph\">{\"@context\":\"https:\/\/schema.org\",\"@graph\":[{\"@type\":\"Article\",\"@id\":\"https:\/\/olympiquesaumur.fr\/index.php\/2026\/09\/02\/national-1-j2-les-saumurois-sonnes-sur-le-gong-a-bayonne-1-0\/#article\",\"isPartOf\":{\"@id\":\"https:\/\/olympiquesaumur.fr\/index.php\/2026\/09\/02\/national-1-j2-les-saumurois-sonnes-sur-le-gong-a-bayonne-1-0\/\"},\"author\":{\"name\":\"adminOSFC\",\"@id\":\"https:\/\/olympiquesaumur.fr\/#\/schema\/person\/cd78a7d38d53f8ace85eec1cebdec543\"},\"headline\":\"National 1 (J2) : Les Saumurois sonn\u00e9s sur le gong \u00e0 Bayonne (1-0)\",\"datePublished\":\"2026-09-02T11:03:31+00:00\",\"dateModified\":\"2026-09-02T11:05:59+00:00\",\"mainEntityOfPage\":{\"@id\":\"https:\/\/olympiquesaumur.fr\/index.php\/2026\/09\/02\/national-1-j2-les-saumurois-sonnes-sur-le-gong-a-bayonne-1-0\/\"},\"wordCount\":335,\"publisher\":{\"@id\":\"https:\/\/olympiquesaumur.fr\/#organization\"},\"image\":{\"@id\":\"https:\/\/olympiquesaumur.fr\/index.php\/2026\/09\/02\/national-1-j2-les-saumurois-sonnes-sur-le-gong-a-bayonne-1-0\/#primaryimage\"},\"thumbnailUrl\":\"https:\/\/olympiquesaumur.fr\/wp-content\/uploads\/2026\/09\/defaite_bayonne.jpg\",\"articleSection\":[\"Actualit\u00e9s\"],\"inLanguage\":\"fr-FR\"},{\"@type\":\"WebPage\",\"@id\":\"https:\/\/olympiquesaumur.fr\/index.php\/2026\/09\/02\/national-1-j2-les-saumurois-sonnes-sur-le-gong-a-bayonne-1-0\/\",\"url\":\"https:\/\/olympiquesaumur.fr\/index.php\/2026\/09\/02\/national-1-j2-les-saumurois-sonnes-sur-le-gong-a-bayonne-1-0\/\",\"name\":\"National 1 (J2) : Les Saumurois sonn\u00e9s sur le gong \u00e0 Bayonne (1-0) - Olympique Saumur\",\"isPartOf\":{\"@id\":\"https:\/\/olympiquesaumur.fr\/#website\"},\"primaryImageOfPage\":{\"@id\":\"https:\/\/olympiquesaumur.fr\/index.php\/2026\/09\/02\/national-1-j2-les-saumurois-sonnes-sur-le-gong-a-bayonne-1-0\/#primaryimage\"},\"image\":{\"@id\":\"https:\/\/olympiquesaumur.fr\/index.php\/2026\/09\/02\/national-1-j2-les-saumurois-sonnes-sur-le-gong-a-bayonne-1-0\/#primaryimage\"},\"thumbnailUrl\":\"https:\/\/olympiquesaumur.fr\/wp-content\/uploads\/2026\/09\/defaite_bayonne.jpg\",\"datePublished\":\"2026-09-02T11:03:31+00:00\",\"dateModified\":\"2026-09-02T11:05:59+00:00\",\"breadcrumb\":{\"@id\":\"https:\/\/olympiquesaumur.fr\/index.php\/2026\/09\/02\/national-1-j2-les-saumurois-sonnes-sur-le-gong-a-bayonne-1-0\/#breadcrumb\"},\"inLanguage\":\"fr-FR\",\"potentialAction\":[{\"@type\":\"ReadAction\",\"target\":[\"https:\/\/olympiquesaumur.fr\/index.php\/2026\/09\/02\/national-1-j2-les-saumurois-sonnes-sur-le-gong-a-bayonne-1-0\/\"]}]},{\"@type\":\"ImageObject\",\"inLanguage\":\"fr-FR\",\"@id\":\"https:\/\/olympiquesaumur.fr\/index.php\/2026\/09\/02\/national-1-j2-les-saumurois-sonnes-sur-le-gong-a-bayonne-1-0\/#primaryimage\",\"url\":\"https:\/\/olympiquesaumur.fr\/wp-content\/uploads\/2026\/09\/defaite_bayonne.jpg\",\"contentUrl\":\"https:\/\/olympiquesaumur.fr\/wp-content\/uploads\/2026\/09\/defaite_bayonne.jpg\",\"width\":1080,\"height\":1350},{\"@type\":\"BreadcrumbList\",\"@id\":\"https:\/\/olympiquesaumur.fr\/index.php\/2026\/09\/02\/national-1-j2-les-saumurois-sonnes-sur-le-gong-a-bayonne-1-0\/#breadcrumb\",\"itemListElement\":[{\"@type\":\"ListItem\",\"position\":1,\"name\":\"Accueil\",\"item\":\"https:\/\/olympiquesaumur.fr\/\"},{\"@type\":\"ListItem\",\"position\":2,\"name\":\"National 1 (J2) : Les Saumurois sonn\u00e9s sur le gong \u00e0 Bayonne (1-0)\"}]},{\"@type\":\"WebSite\",\"@id\":\"https:\/\/olympiquesaumur.fr\/#website\",\"url\":\"https:\/\/olympiquesaumur.fr\/\",\"name\":\"Olympique Saumur Football Club\",\"description\":\"#PARCEQUESAUMUR\",\"publisher\":{\"@id\":\"https:\/\/olympiquesaumur.fr\/#organization\"},\"alternateName\":\"OSFC\",\"potentialAction\":[{\"@type\":\"SearchAction\",\"target\":{\"@type\":\"EntryPoint\",\"urlTemplate\":\"https:\/\/olympiquesaumur.fr\/?s={search_term_string}\"},\"query-input\":\"required name=search_term_string\"}],\"inLanguage\":\"fr-FR\"},{\"@type\":\"Organization\",\"@id\":\"https:\/\/olympiquesaumur.fr\/#organization\",\"name\":\"Olympique Saumur Football Club\",\"alternateName\":\"OSFC\",\"url\":\"https:\/\/olympiquesaumur.fr\/\",\"logo\":{\"@type\":\"ImageObject\",\"inLanguage\":\"fr-FR\",\"@id\":\"https:\/\/olympiquesaumur.fr\/#\/schema\/logo\/image\/\",\"url\":\"https:\/\/olympiquesaumur.fr\/wp-content\/uploads\/2024\/03\/Logo_Olympique_Saumur.svg_.png\",\"contentUrl\":\"https:\/\/olympiquesaumur.fr\/wp-content\/uploads\/2024\/03\/Logo_Olympique_Saumur.svg_.png\",\"width\":1200,\"height\":1437,\"caption\":\"Olympique Saumur Football Club\"},\"image\":{\"@id\":\"https:\/\/olympiquesaumur.fr\/#\/schema\/logo\/image\/\"}},{\"@type\":\"Person\",\"@id\":\"https:\/\/olympiquesaumur.fr\/#\/schema\/person\/cd78a7d38d53f8ace85eec1cebdec543\",\"name\":\"adminOSFC\",\"sameAs\":[\"http:\/\/lxkduhl.cluster030.hosting.ovh.net\"]}]}<\/script>\n<!-- \/ Yoast SEO plugin. -->","yoast_head_json":{"title":"National 1 (J2) : Les Saumurois sonn\u00e9s sur le gong \u00e0 Bayonne (1-0) - Olympique Saumur","robots":{"index":"index","follow":"follow","max-snippet":"max-snippet:-1","max-image-preview":"max-image-preview:large","max-video-preview":"max-video-preview:-1"},"canonical":"https:\/\/olympiquesaumur.fr\/index.php\/2026\/09\/02\/national-1-j2-les-saumurois-sonnes-sur-le-gong-a-bayonne-1-0\/","og_locale":"fr_FR","og_type":"article","og_title":"National 1 (J2) : Les Saumurois sonn\u00e9s sur le gong \u00e0 Bayonne (1-0) - Olympique Saumur","og_description":"National 1 (J2) : Les Saumurois sonn\u00e9s sur le gong \u00e0 Bayonne (1-0) En d\u00e9placement ce samedi 29 ao\u00fbt sur la pelouse du Stade Didier Deschamps pour d\u00e9fier l&rsquo;Aviron Bayonnais \u2014 l&rsquo;un des grands favoris du groupe \u2014, l&rsquo;Olympique Saumur a fr\u00f4l\u00e9 l&rsquo;exploit. Solides, rigoureux et bien organis\u00e9s pendant plus de 90 minutes, les hommes...","og_url":"https:\/\/olympiquesaumur.fr\/index.php\/2026\/09\/02\/national-1-j2-les-saumurois-sonnes-sur-le-gong-a-bayonne-1-0\/","og_site_name":"Olympique Saumur","article_published_time":"2026-09-02T11:03:31+00:00","article_modified_time":"2026-09-02T11:05:59+00:00","og_image":[{"width":1080,"height":1350,"url":"https:\/\/olympiquesaumur.fr\/wp-content\/uploads\/2026\/09\/defaite_bayonne.jpg","type":"image\/jpeg"}],"author":"adminOSFC","twitter_card":"summary_large_image","twitter_misc":{"\u00c9crit par":"adminOSFC","Dur\u00e9e de lecture estim\u00e9e":"2 minutes"},"schema":{"@context":"https:\/\/schema.org","@graph":[{"@type":"Article","@id":"https:\/\/olympiquesaumur.fr\/index.php\/2026\/09\/02\/national-1-j2-les-saumurois-sonnes-sur-le-gong-a-bayonne-1-0\/#article","isPartOf":{"@id":"https:\/\/olympiquesaumur.fr\/index.php\/2026\/09\/02\/national-1-j2-les-saumurois-sonnes-sur-le-gong-a-bayonne-1-0\/"},"author":{"name":"adminOSFC","@id":"https:\/\/olympiquesaumur.fr\/#\/schema\/person\/cd78a7d38d53f8ace85eec1cebdec543"},"headline":"National 1 (J2) : Les Saumurois sonn\u00e9s sur le gong \u00e0 Bayonne (1-0)","datePublished":"2026-09-02T11:03:31+00:00","dateModified":"2026-09-02T11:05:59+00:00","mainEntityOfPage":{"@id":"https:\/\/olympiquesaumur.fr\/index.php\/2026\/09\/02\/national-1-j2-les-saumurois-sonnes-sur-le-gong-a-bayonne-1-0\/"},"wordCount":335,"publisher":{"@id":"https:\/\/olympiquesaumur.fr\/#organization"},"image":{"@id":"https:\/\/olympiquesaumur.fr\/index.php\/2026\/09\/02\/national-1-j2-les-saumurois-sonnes-sur-le-gong-a-bayonne-1-0\/#primaryimage"},"thumbnailUrl":"https:\/\/olympiquesaumur.fr\/wp-content\/uploads\/2026\/09\/defaite_bayonne.jpg","articleSection":["Actualit\u00e9s"],"inLanguage":"fr-FR"},{"@type":"WebPage","@id":"https:\/\/olympiquesaumur.fr\/index.php\/2026\/09\/02\/national-1-j2-les-saumurois-sonnes-sur-le-gong-a-bayonne-1-0\/","url":"https:\/\/olympiquesaumur.fr\/index.php\/2026\/09\/02\/national-1-j2-les-saumurois-sonnes-sur-le-gong-a-bayonne-1-0\/","name":"National 1 (J2) : Les Saumurois sonn\u00e9s sur le gong \u00e0 Bayonne (1-0) - Olympique Saumur","isPartOf":{"@id":"https:\/\/olympiquesaumur.fr\/#website"},"primaryImageOfPage":{"@id":"https:\/\/olympiquesaumur.fr\/index.php\/2026\/09\/02\/national-1-j2-les-saumurois-sonnes-sur-le-gong-a-bayonne-1-0\/#primaryimage"},"image":{"@id":"https:\/\/olympiquesaumur.fr\/index.php\/2026\/09\/02\/national-1-j2-les-saumurois-sonnes-sur-le-gong-a-bayonne-1-0\/#primaryimage"},"thumbnailUrl":"https:\/\/olympiquesaumur.fr\/wp-content\/uploads\/2026\/09\/defaite_bayonne.jpg","datePublished":"2026-09-02T11:03:31+00:00","dateModified":"2026-09-02T11:05:59+00:00","breadcrumb":{"@id":"https:\/\/olympiquesaumur.fr\/index.php\/2026\/09\/02\/national-1-j2-les-saumurois-sonnes-sur-le-gong-a-bayonne-1-0\/#breadcrumb"},"inLanguage":"fr-FR","potentialAction":[{"@type":"ReadAction","target":["https:\/\/olympiquesaumur.fr\/index.php\/2026\/09\/02\/national-1-j2-les-saumurois-sonnes-sur-le-gong-a-bayonne-1-0\/"]}]},{"@type":"ImageObject","inLanguage":"fr-FR","@id":"https:\/\/olympiquesaumur.fr\/index.php\/2026\/09\/02\/national-1-j2-les-saumurois-sonnes-sur-le-gong-a-bayonne-1-0\/#primaryimage","url":"https:\/\/olympiquesaumur.fr\/wp-content\/uploads\/2026\/09\/defaite_bayonne.jpg","contentUrl":"https:\/\/olympiquesaumur.fr\/wp-content\/uploads\/2026\/09\/defaite_bayonne.jpg","width":1080,"height":1350},{"@type":"BreadcrumbList","@id":"https:\/\/olympiquesaumur.fr\/index.php\/2026\/09\/02\/national-1-j2-les-saumurois-sonnes-sur-le-gong-a-bayonne-1-0\/#breadcrumb","itemListElement":[{"@type":"ListItem","position":1,"name":"Accueil","item":"https:\/\/olympiquesaumur.fr\/"},{"@type":"ListItem","position":2,"name":"National 1 (J2) : Les Saumurois sonn\u00e9s sur le gong \u00e0 Bayonne (1-0)"}]},{"@type":"WebSite","@id":"https:\/\/olympiquesaumur.fr\/#website","url":"https:\/\/olympiquesaumur.fr\/","name":"Olympique Saumur Football Club","description":"#PARCEQUESAUMUR","publisher":{"@id":"https:\/\/olympiquesaumur.fr\/#organization"},"alternateName":"OSFC","potentialAction":[{"@type":"SearchAction","target":{"@type":"EntryPoint","urlTemplate":"https:\/\/olympiquesaumur.fr\/?s={search_term_string}"},"query-input":"required name=search_term_string"}],"inLanguage":"fr-FR"},{"@type":"Organization","@id":"https:\/\/olympiquesaumur.fr\/#organization","name":"Olympique Saumur Football Club","alternateName":"OSFC","url":"https:\/\/olympiquesaumur.fr\/","logo":{"@type":"ImageObject","inLanguage":"fr-FR","@id":"https:\/\/olympiquesaumur.fr\/#\/schema\/logo\/image\/","url":"https:\/\/olympiquesaumur.fr\/wp-content\/uploads\/2024\/03\/Logo_Olympique_Saumur.svg_.png","contentUrl":"https:\/\/olympiquesaumur.fr\/wp-content\/uploads\/2024\/03\/Logo_Olympique_Saumur.svg_.png","width":1200,"height":1437,"caption":"Olympique Saumur Football Club"},"image":{"@id":"https:\/\/olympiquesaumur.fr\/#\/schema\/logo\/image\/"}},{"@type":"Person","@id":"https:\/\/olympiquesaumur.fr\/#\/schema\/person\/cd78a7d38d53f8ace85eec1cebdec543","name":"adminOSFC","sameAs":["http:\/\/lxkduhl.cluster030.hosting.ovh.net"]}]}},"_links":{"self":[{"href":"https:\/\/olympiquesaumur.fr\/index.php\/wp-json\/wp\/v2\/posts\/6772","targetHints":{"allow":["GET"]}}],"collection":[{"href":"https:\/\/olympiquesaumur.fr\/index.php\/wp-json\/wp\/v2\/posts"}],"about":[{"href":"https:\/\/olympiquesaumur.fr\/index.php\/wp-json\/wp\/v2\/types\/post"}],"author":[{"embeddable":true,"href":"https:\/\/olympiquesaumur.fr\/index.php\/wp-json\/wp\/v2\/users\/1"}],"replies":[{"embeddable":true,"href":"https:\/\/olympiquesaumur.fr\/index.php\/wp-json\/wp\/v2\/comments?post=6772"}],"version-history":[{"count":6,"href":"https:\/\/olympiquesaumur.fr\/index.php\/wp-json\/wp\/v2\/posts\/6772\/revisions"}],"predecessor-version":[{"id":6779,"href":"https:\/\/olympiquesaumur.fr\/index.php\/wp-json\/wp\/v2\/posts\/6772\/revisions\/6779"}],"wp:featuredmedia":[{"embeddable":true,"href":"https:\/\/olympiquesaumur.fr\/index.php\/wp-json\/wp\/v2\/media\/6773"}],"wp:attachment":[{"href":"https:\/\/olympiquesaumur.fr\/index.php\/wp-json\/wp\/v2\/media?parent=6772"}],"wp:term":[{"taxonomy":"category","embeddable":true,"href":"https:\/\/olympiquesaumur.fr\/index.php\/wp-json\/wp\/v2\/categories?post=6772"},{"taxonomy":"post_tag","embeddable":true,"href":"https:\/\/olympiquesaumur.fr\/index.php\/wp-json\/wp\/v2\/tags?post=6772"}],"curies":[{"name":"wp","href":"https:\/\/api.w.org\/{rel}","templated":true}]}}