{"id":5934,"date":"2026-01-26T13:36:23","date_gmt":"2026-01-26T12:36:23","guid":{"rendered":"https:\/\/olympiquesaumur.fr\/?p=5934"},"modified":"2026-01-26T13:41:18","modified_gmt":"2026-01-26T12:41:18","slug":"a-la-rencontre-de-theo-lefebvre","status":"publish","type":"post","link":"https:\/\/olympiquesaumur.fr\/index.php\/2026\/01\/26\/a-la-rencontre-de-theo-lefebvre\/","title":{"rendered":"A la rencontre de&#8230; Th\u00e9o Lefebvre"},"content":{"rendered":"\t\t<div data-elementor-type=\"wp-post\" data-elementor-id=\"5934\" class=\"elementor elementor-5934\">\n\t\t\t\t<div class=\"elementor-element elementor-element-9f31bbb e-flex e-con-boxed wpr-particle-no wpr-jarallax-no wpr-parallax-no wpr-sticky-section-no e-con e-parent\" data-id=\"9f31bbb\" data-element_type=\"container\" data-settings=\"{&quot;container_type&quot;:&quot;flex&quot;,&quot;content_width&quot;:&quot;boxed&quot;}\" data-core-v316-plus=\"true\">\n\t\t\t\t\t<div class=\"e-con-inner\">\n\t\t\t\t<div class=\"elementor-element elementor-element-6aeb3dd elementor-widget elementor-widget-heading\" data-id=\"6aeb3dd\" data-element_type=\"widget\" data-widget_type=\"heading.default\">\n\t\t\t\t<div class=\"elementor-widget-container\">\n\t\t\t<style>\/*! elementor - v3.19.0 - 28-02-2024 *\/\n.elementor-heading-title{padding:0;margin:0;line-height:1}.elementor-widget-heading .elementor-heading-title[class*=elementor-size-]>a{color:inherit;font-size:inherit;line-height:inherit}.elementor-widget-heading .elementor-heading-title.elementor-size-small{font-size:15px}.elementor-widget-heading .elementor-heading-title.elementor-size-medium{font-size:19px}.elementor-widget-heading .elementor-heading-title.elementor-size-large{font-size:29px}.elementor-widget-heading .elementor-heading-title.elementor-size-xl{font-size:39px}.elementor-widget-heading .elementor-heading-title.elementor-size-xxl{font-size:59px}<\/style><h2 class=\"elementor-heading-title elementor-size-default\">A la rencontre de... Th\u00e9o Lefebvre<\/h2>\t\t<\/div>\n\t\t\t\t<\/div>\n\t\t\t\t\t<\/div>\n\t\t\t\t<\/div>\n\t\t<div class=\"elementor-element elementor-element-18e9eb1 e-flex e-con-boxed wpr-particle-no wpr-jarallax-no wpr-parallax-no wpr-sticky-section-no e-con e-parent\" data-id=\"18e9eb1\" data-element_type=\"container\" data-settings=\"{&quot;container_type&quot;:&quot;flex&quot;,&quot;content_width&quot;:&quot;boxed&quot;}\" data-core-v316-plus=\"true\">\n\t\t\t\t\t<div class=\"e-con-inner\">\n\t\t\t\t<div class=\"elementor-element elementor-element-78d77b5 elementor-widget elementor-widget-text-editor\" data-id=\"78d77b5\" data-element_type=\"widget\" data-widget_type=\"text-editor.default\">\n\t\t\t\t<div class=\"elementor-widget-container\">\n\t\t\t<style>\/*! elementor - v3.19.0 - 28-02-2024 *\/\n.elementor-widget-text-editor.elementor-drop-cap-view-stacked .elementor-drop-cap{background-color:#69727d;color:#fff}.elementor-widget-text-editor.elementor-drop-cap-view-framed .elementor-drop-cap{color:#69727d;border:3px solid;background-color:transparent}.elementor-widget-text-editor:not(.elementor-drop-cap-view-default) .elementor-drop-cap{margin-top:8px}.elementor-widget-text-editor:not(.elementor-drop-cap-view-default) .elementor-drop-cap-letter{width:1em;height:1em}.elementor-widget-text-editor .elementor-drop-cap{float:left;text-align:center;line-height:1;font-size:50px}.elementor-widget-text-editor .elementor-drop-cap-letter{display:inline-block}<\/style>\t\t\t\t<p><strong>Peux-tu te pr\u00e9senter ?\u00a0<\/strong><\/p><p><span style=\"font-weight: 400;\">Bonjour, je m\u2019appelle Th\u00e9o Lefebvre, j\u2019ai 20 ans et je suis d\u00e9fenseur central avec l\u2019\u00e9quipe de nationale 2\u00a0<\/span><\/p><p><strong>Peux-tu expliquer ce que tu fais ?\u00a0<\/strong><\/p><p><span style=\"font-weight: 400;\">Cette ann\u00e9e, je fais une formation de Conseiller Commercial en distanciel en lien avec mon contrat au club, \u00e0 part \u00e7a je me concentre \u00e0 plein temps sur le football.<\/span><\/p><p><span style=\"font-weight: 400;\">Pour mon parcours, j\u2019ai jou\u00e9 10 ans au losc et 4 ans \u00e0 Angers avant de signer \u00e0 Saumur cet \u00e9t\u00e9.<\/span><\/p><p><span style=\"font-weight: 400;\"><strong>Dans quelle \u00e9quipe joues-tu ?<\/strong>\u00a0<\/span><\/p><p><span style=\"font-weight: 400;\">Je suis joueur en national 2\u00a0<\/span><\/p><p><span style=\"font-weight: 400;\"><strong>Ton rituel avant un match ?<\/strong>\u00a0<\/span><\/p><p><span style=\"font-weight: 400;\">Pas de rituel pr\u00e9cis mais j\u2019\u00e9coute toujours de la musique que \u00e7a soit dans la voiture avant le match ou\u00a0 dans le vestiaire pour \u00eatre dans ma bulle\u00a0<\/span><\/p><p><strong>Qu\u2019est-ce qui, selon toi, rend ce club diff\u00e9rent des autres ?\u00a0<\/strong><\/p><p><span style=\"font-weight: 400;\">Je dirais le c\u00f4t\u00e9 familial et attachant en \u00e9tant ambitieux aussi.<\/span><\/p><p><strong>Quels sont tes objectifs pour cette saison ?\u00a0<\/strong><\/p><p><span style=\"font-weight: 400;\">Se maintenir le plus rapidement possible avec l\u2019\u00e9quipe et jouer le plus possible en \u00e9tant performant pour moi personnellement\u00a0<\/span><\/p><p><strong>Un dernier mot?\u00a0<\/strong><\/p><p><span style=\"font-weight: 400;\">Fier<\/span><span style=\"font-weight: 400;\"> de porter ces couleurs, j\u2019esp\u00e8re qu\u2019on vivra de belles choses ensemble cette ann\u00e9e.<\/span><\/p>\t\t\t\t\t\t<\/div>\n\t\t\t\t<\/div>\n\t\t\t\t\t<\/div>\n\t\t\t\t<\/div>\n\t\t\t\t<\/div>\n\t\t","protected":false},"excerpt":{"rendered":"<p>A la rencontre de&#8230; Th\u00e9o Lefebvre Peux-tu te pr\u00e9senter ?\u00a0 Bonjour, je m\u2019appelle Th\u00e9o Lefebvre, j\u2019ai 20 ans et je suis d\u00e9fenseur central avec l\u2019\u00e9quipe de nationale 2\u00a0 Peux-tu expliquer ce que tu fais ?\u00a0 Cette ann\u00e9e, je fais une formation de Conseiller Commercial en distanciel en lien avec mon contrat au club, \u00e0 part&#8230;<\/p>\n","protected":false},"author":1,"featured_media":5814,"comment_status":"closed","ping_status":"closed","sticky":false,"template":"","format":"standard","meta":{"om_disable_all_campaigns":false,"_monsterinsights_skip_tracking":false,"_monsterinsights_sitenote_active":false,"_monsterinsights_sitenote_note":"","_monsterinsights_sitenote_category":0,"_kadence_starter_templates_imported_post":false,"_kad_post_transparent":"","_kad_post_title":"","_kad_post_layout":"","_kad_post_sidebar_id":"","_kad_post_content_style":"","_kad_post_vertical_padding":"","_kad_post_feature":"","_kad_post_feature_position":"","_kad_post_header":false,"_kad_post_footer":false,"footnotes":""},"categories":[8,4,7],"tags":[],"class_list":["post-5934","post","type-post","status-publish","format-standard","has-post-thumbnail","hentry","category-actualites","category-seniors","category-vie-de-club"],"yoast_head":"<!-- This site is optimized with the Yoast SEO plugin v22.2 - https:\/\/yoast.com\/wordpress\/plugins\/seo\/ -->\n<title>A la rencontre de... Th\u00e9o Lefebvre - Olympique Saumur<\/title>\n<meta name=\"robots\" content=\"index, follow, max-snippet:-1, max-image-preview:large, max-video-preview:-1\" \/>\n<link rel=\"canonical\" href=\"https:\/\/olympiquesaumur.fr\/index.php\/2026\/01\/26\/a-la-rencontre-de-theo-lefebvre\/\" \/>\n<meta property=\"og:locale\" content=\"fr_FR\" \/>\n<meta property=\"og:type\" content=\"article\" \/>\n<meta property=\"og:title\" content=\"A la rencontre de... Th\u00e9o Lefebvre - Olympique Saumur\" \/>\n<meta property=\"og:description\" content=\"A la rencontre de&#8230; Th\u00e9o Lefebvre Peux-tu te pr\u00e9senter ?\u00a0 Bonjour, je m\u2019appelle Th\u00e9o Lefebvre, j\u2019ai 20 ans et je suis d\u00e9fenseur central avec l\u2019\u00e9quipe de nationale 2\u00a0 Peux-tu expliquer ce que tu fais ?\u00a0 Cette ann\u00e9e, je fais une formation de Conseiller Commercial en distanciel en lien avec mon contrat au club, \u00e0 part...\" \/>\n<meta property=\"og:url\" content=\"https:\/\/olympiquesaumur.fr\/index.php\/2026\/01\/26\/a-la-rencontre-de-theo-lefebvre\/\" \/>\n<meta property=\"og:site_name\" content=\"Olympique Saumur\" \/>\n<meta property=\"article:published_time\" content=\"2026-01-26T12:36:23+00:00\" \/>\n<meta property=\"article:modified_time\" content=\"2026-01-26T12:41:18+00:00\" \/>\n<meta property=\"og:image\" content=\"https:\/\/olympiquesaumur.fr\/wp-content\/uploads\/2025\/12\/I1667-Olympique-S-indiv-N2-009-scaled-e1769431086113.jpg\" \/>\n\t<meta property=\"og:image:width\" content=\"1707\" \/>\n\t<meta property=\"og:image:height\" content=\"1417\" \/>\n\t<meta property=\"og:image:type\" content=\"image\/jpeg\" \/>\n<meta name=\"author\" content=\"adminOSFC\" \/>\n<meta name=\"twitter:card\" content=\"summary_large_image\" \/>\n<meta name=\"twitter:label1\" content=\"\u00c9crit par\" \/>\n\t<meta name=\"twitter:data1\" content=\"adminOSFC\" \/>\n\t<meta name=\"twitter:label2\" content=\"Dur\u00e9e de lecture estim\u00e9e\" \/>\n\t<meta name=\"twitter:data2\" content=\"1 minute\" \/>\n<script type=\"application\/ld+json\" class=\"yoast-schema-graph\">{\"@context\":\"https:\/\/schema.org\",\"@graph\":[{\"@type\":\"Article\",\"@id\":\"https:\/\/olympiquesaumur.fr\/index.php\/2026\/01\/26\/a-la-rencontre-de-theo-lefebvre\/#article\",\"isPartOf\":{\"@id\":\"https:\/\/olympiquesaumur.fr\/index.php\/2026\/01\/26\/a-la-rencontre-de-theo-lefebvre\/\"},\"author\":{\"name\":\"adminOSFC\",\"@id\":\"https:\/\/olympiquesaumur.fr\/#\/schema\/person\/cd78a7d38d53f8ace85eec1cebdec543\"},\"headline\":\"A la rencontre de&#8230; Th\u00e9o Lefebvre\",\"datePublished\":\"2026-01-26T12:36:23+00:00\",\"dateModified\":\"2026-01-26T12:41:18+00:00\",\"mainEntityOfPage\":{\"@id\":\"https:\/\/olympiquesaumur.fr\/index.php\/2026\/01\/26\/a-la-rencontre-de-theo-lefebvre\/\"},\"wordCount\":208,\"publisher\":{\"@id\":\"https:\/\/olympiquesaumur.fr\/#organization\"},\"image\":{\"@id\":\"https:\/\/olympiquesaumur.fr\/index.php\/2026\/01\/26\/a-la-rencontre-de-theo-lefebvre\/#primaryimage\"},\"thumbnailUrl\":\"https:\/\/olympiquesaumur.fr\/wp-content\/uploads\/2025\/12\/I1667-Olympique-S-indiv-N2-009-scaled-e1769431086113.jpg\",\"articleSection\":[\"Actualit\u00e9s\",\"Seniors\",\"Vie du club\"],\"inLanguage\":\"fr-FR\"},{\"@type\":\"WebPage\",\"@id\":\"https:\/\/olympiquesaumur.fr\/index.php\/2026\/01\/26\/a-la-rencontre-de-theo-lefebvre\/\",\"url\":\"https:\/\/olympiquesaumur.fr\/index.php\/2026\/01\/26\/a-la-rencontre-de-theo-lefebvre\/\",\"name\":\"A la rencontre de... Th\u00e9o Lefebvre - Olympique Saumur\",\"isPartOf\":{\"@id\":\"https:\/\/olympiquesaumur.fr\/#website\"},\"primaryImageOfPage\":{\"@id\":\"https:\/\/olympiquesaumur.fr\/index.php\/2026\/01\/26\/a-la-rencontre-de-theo-lefebvre\/#primaryimage\"},\"image\":{\"@id\":\"https:\/\/olympiquesaumur.fr\/index.php\/2026\/01\/26\/a-la-rencontre-de-theo-lefebvre\/#primaryimage\"},\"thumbnailUrl\":\"https:\/\/olympiquesaumur.fr\/wp-content\/uploads\/2025\/12\/I1667-Olympique-S-indiv-N2-009-scaled-e1769431086113.jpg\",\"datePublished\":\"2026-01-26T12:36:23+00:00\",\"dateModified\":\"2026-01-26T12:41:18+00:00\",\"breadcrumb\":{\"@id\":\"https:\/\/olympiquesaumur.fr\/index.php\/2026\/01\/26\/a-la-rencontre-de-theo-lefebvre\/#breadcrumb\"},\"inLanguage\":\"fr-FR\",\"potentialAction\":[{\"@type\":\"ReadAction\",\"target\":[\"https:\/\/olympiquesaumur.fr\/index.php\/2026\/01\/26\/a-la-rencontre-de-theo-lefebvre\/\"]}]},{\"@type\":\"ImageObject\",\"inLanguage\":\"fr-FR\",\"@id\":\"https:\/\/olympiquesaumur.fr\/index.php\/2026\/01\/26\/a-la-rencontre-de-theo-lefebvre\/#primaryimage\",\"url\":\"https:\/\/olympiquesaumur.fr\/wp-content\/uploads\/2025\/12\/I1667-Olympique-S-indiv-N2-009-scaled-e1769431086113.jpg\",\"contentUrl\":\"https:\/\/olympiquesaumur.fr\/wp-content\/uploads\/2025\/12\/I1667-Olympique-S-indiv-N2-009-scaled-e1769431086113.jpg\",\"width\":1707,\"height\":1417},{\"@type\":\"BreadcrumbList\",\"@id\":\"https:\/\/olympiquesaumur.fr\/index.php\/2026\/01\/26\/a-la-rencontre-de-theo-lefebvre\/#breadcrumb\",\"itemListElement\":[{\"@type\":\"ListItem\",\"position\":1,\"name\":\"Accueil\",\"item\":\"https:\/\/olympiquesaumur.fr\/\"},{\"@type\":\"ListItem\",\"position\":2,\"name\":\"A la rencontre de&#8230; Th\u00e9o Lefebvre\"}]},{\"@type\":\"WebSite\",\"@id\":\"https:\/\/olympiquesaumur.fr\/#website\",\"url\":\"https:\/\/olympiquesaumur.fr\/\",\"name\":\"Olympique Saumur Football Club\",\"description\":\"#PARCEQUESAUMUR\",\"publisher\":{\"@id\":\"https:\/\/olympiquesaumur.fr\/#organization\"},\"alternateName\":\"OSFC\",\"potentialAction\":[{\"@type\":\"SearchAction\",\"target\":{\"@type\":\"EntryPoint\",\"urlTemplate\":\"https:\/\/olympiquesaumur.fr\/?s={search_term_string}\"},\"query-input\":\"required name=search_term_string\"}],\"inLanguage\":\"fr-FR\"},{\"@type\":\"Organization\",\"@id\":\"https:\/\/olympiquesaumur.fr\/#organization\",\"name\":\"Olympique Saumur Football Club\",\"alternateName\":\"OSFC\",\"url\":\"https:\/\/olympiquesaumur.fr\/\",\"logo\":{\"@type\":\"ImageObject\",\"inLanguage\":\"fr-FR\",\"@id\":\"https:\/\/olympiquesaumur.fr\/#\/schema\/logo\/image\/\",\"url\":\"https:\/\/olympiquesaumur.fr\/wp-content\/uploads\/2024\/03\/Logo_Olympique_Saumur.svg_.png\",\"contentUrl\":\"https:\/\/olympiquesaumur.fr\/wp-content\/uploads\/2024\/03\/Logo_Olympique_Saumur.svg_.png\",\"width\":1200,\"height\":1437,\"caption\":\"Olympique Saumur Football Club\"},\"image\":{\"@id\":\"https:\/\/olympiquesaumur.fr\/#\/schema\/logo\/image\/\"}},{\"@type\":\"Person\",\"@id\":\"https:\/\/olympiquesaumur.fr\/#\/schema\/person\/cd78a7d38d53f8ace85eec1cebdec543\",\"name\":\"adminOSFC\",\"sameAs\":[\"http:\/\/lxkduhl.cluster030.hosting.ovh.net\"]}]}<\/script>\n<!-- \/ Yoast SEO plugin. -->","yoast_head_json":{"title":"A la rencontre de... Th\u00e9o Lefebvre - Olympique Saumur","robots":{"index":"index","follow":"follow","max-snippet":"max-snippet:-1","max-image-preview":"max-image-preview:large","max-video-preview":"max-video-preview:-1"},"canonical":"https:\/\/olympiquesaumur.fr\/index.php\/2026\/01\/26\/a-la-rencontre-de-theo-lefebvre\/","og_locale":"fr_FR","og_type":"article","og_title":"A la rencontre de... Th\u00e9o Lefebvre - Olympique Saumur","og_description":"A la rencontre de&#8230; Th\u00e9o Lefebvre Peux-tu te pr\u00e9senter ?\u00a0 Bonjour, je m\u2019appelle Th\u00e9o Lefebvre, j\u2019ai 20 ans et je suis d\u00e9fenseur central avec l\u2019\u00e9quipe de nationale 2\u00a0 Peux-tu expliquer ce que tu fais ?\u00a0 Cette ann\u00e9e, je fais une formation de Conseiller Commercial en distanciel en lien avec mon contrat au club, \u00e0 part...","og_url":"https:\/\/olympiquesaumur.fr\/index.php\/2026\/01\/26\/a-la-rencontre-de-theo-lefebvre\/","og_site_name":"Olympique Saumur","article_published_time":"2026-01-26T12:36:23+00:00","article_modified_time":"2026-01-26T12:41:18+00:00","og_image":[{"width":1707,"height":1417,"url":"https:\/\/olympiquesaumur.fr\/wp-content\/uploads\/2025\/12\/I1667-Olympique-S-indiv-N2-009-scaled-e1769431086113.jpg","type":"image\/jpeg"}],"author":"adminOSFC","twitter_card":"summary_large_image","twitter_misc":{"\u00c9crit par":"adminOSFC","Dur\u00e9e de lecture estim\u00e9e":"1 minute"},"schema":{"@context":"https:\/\/schema.org","@graph":[{"@type":"Article","@id":"https:\/\/olympiquesaumur.fr\/index.php\/2026\/01\/26\/a-la-rencontre-de-theo-lefebvre\/#article","isPartOf":{"@id":"https:\/\/olympiquesaumur.fr\/index.php\/2026\/01\/26\/a-la-rencontre-de-theo-lefebvre\/"},"author":{"name":"adminOSFC","@id":"https:\/\/olympiquesaumur.fr\/#\/schema\/person\/cd78a7d38d53f8ace85eec1cebdec543"},"headline":"A la rencontre de&#8230; Th\u00e9o Lefebvre","datePublished":"2026-01-26T12:36:23+00:00","dateModified":"2026-01-26T12:41:18+00:00","mainEntityOfPage":{"@id":"https:\/\/olympiquesaumur.fr\/index.php\/2026\/01\/26\/a-la-rencontre-de-theo-lefebvre\/"},"wordCount":208,"publisher":{"@id":"https:\/\/olympiquesaumur.fr\/#organization"},"image":{"@id":"https:\/\/olympiquesaumur.fr\/index.php\/2026\/01\/26\/a-la-rencontre-de-theo-lefebvre\/#primaryimage"},"thumbnailUrl":"https:\/\/olympiquesaumur.fr\/wp-content\/uploads\/2025\/12\/I1667-Olympique-S-indiv-N2-009-scaled-e1769431086113.jpg","articleSection":["Actualit\u00e9s","Seniors","Vie du club"],"inLanguage":"fr-FR"},{"@type":"WebPage","@id":"https:\/\/olympiquesaumur.fr\/index.php\/2026\/01\/26\/a-la-rencontre-de-theo-lefebvre\/","url":"https:\/\/olympiquesaumur.fr\/index.php\/2026\/01\/26\/a-la-rencontre-de-theo-lefebvre\/","name":"A la rencontre de... Th\u00e9o Lefebvre - Olympique Saumur","isPartOf":{"@id":"https:\/\/olympiquesaumur.fr\/#website"},"primaryImageOfPage":{"@id":"https:\/\/olympiquesaumur.fr\/index.php\/2026\/01\/26\/a-la-rencontre-de-theo-lefebvre\/#primaryimage"},"image":{"@id":"https:\/\/olympiquesaumur.fr\/index.php\/2026\/01\/26\/a-la-rencontre-de-theo-lefebvre\/#primaryimage"},"thumbnailUrl":"https:\/\/olympiquesaumur.fr\/wp-content\/uploads\/2025\/12\/I1667-Olympique-S-indiv-N2-009-scaled-e1769431086113.jpg","datePublished":"2026-01-26T12:36:23+00:00","dateModified":"2026-01-26T12:41:18+00:00","breadcrumb":{"@id":"https:\/\/olympiquesaumur.fr\/index.php\/2026\/01\/26\/a-la-rencontre-de-theo-lefebvre\/#breadcrumb"},"inLanguage":"fr-FR","potentialAction":[{"@type":"ReadAction","target":["https:\/\/olympiquesaumur.fr\/index.php\/2026\/01\/26\/a-la-rencontre-de-theo-lefebvre\/"]}]},{"@type":"ImageObject","inLanguage":"fr-FR","@id":"https:\/\/olympiquesaumur.fr\/index.php\/2026\/01\/26\/a-la-rencontre-de-theo-lefebvre\/#primaryimage","url":"https:\/\/olympiquesaumur.fr\/wp-content\/uploads\/2025\/12\/I1667-Olympique-S-indiv-N2-009-scaled-e1769431086113.jpg","contentUrl":"https:\/\/olympiquesaumur.fr\/wp-content\/uploads\/2025\/12\/I1667-Olympique-S-indiv-N2-009-scaled-e1769431086113.jpg","width":1707,"height":1417},{"@type":"BreadcrumbList","@id":"https:\/\/olympiquesaumur.fr\/index.php\/2026\/01\/26\/a-la-rencontre-de-theo-lefebvre\/#breadcrumb","itemListElement":[{"@type":"ListItem","position":1,"name":"Accueil","item":"https:\/\/olympiquesaumur.fr\/"},{"@type":"ListItem","position":2,"name":"A la rencontre de&#8230; Th\u00e9o Lefebvre"}]},{"@type":"WebSite","@id":"https:\/\/olympiquesaumur.fr\/#website","url":"https:\/\/olympiquesaumur.fr\/","name":"Olympique Saumur Football Club","description":"#PARCEQUESAUMUR","publisher":{"@id":"https:\/\/olympiquesaumur.fr\/#organization"},"alternateName":"OSFC","potentialAction":[{"@type":"SearchAction","target":{"@type":"EntryPoint","urlTemplate":"https:\/\/olympiquesaumur.fr\/?s={search_term_string}"},"query-input":"required name=search_term_string"}],"inLanguage":"fr-FR"},{"@type":"Organization","@id":"https:\/\/olympiquesaumur.fr\/#organization","name":"Olympique Saumur Football Club","alternateName":"OSFC","url":"https:\/\/olympiquesaumur.fr\/","logo":{"@type":"ImageObject","inLanguage":"fr-FR","@id":"https:\/\/olympiquesaumur.fr\/#\/schema\/logo\/image\/","url":"https:\/\/olympiquesaumur.fr\/wp-content\/uploads\/2024\/03\/Logo_Olympique_Saumur.svg_.png","contentUrl":"https:\/\/olympiquesaumur.fr\/wp-content\/uploads\/2024\/03\/Logo_Olympique_Saumur.svg_.png","width":1200,"height":1437,"caption":"Olympique Saumur Football Club"},"image":{"@id":"https:\/\/olympiquesaumur.fr\/#\/schema\/logo\/image\/"}},{"@type":"Person","@id":"https:\/\/olympiquesaumur.fr\/#\/schema\/person\/cd78a7d38d53f8ace85eec1cebdec543","name":"adminOSFC","sameAs":["http:\/\/lxkduhl.cluster030.hosting.ovh.net"]}]}},"_links":{"self":[{"href":"https:\/\/olympiquesaumur.fr\/index.php\/wp-json\/wp\/v2\/posts\/5934","targetHints":{"allow":["GET"]}}],"collection":[{"href":"https:\/\/olympiquesaumur.fr\/index.php\/wp-json\/wp\/v2\/posts"}],"about":[{"href":"https:\/\/olympiquesaumur.fr\/index.php\/wp-json\/wp\/v2\/types\/post"}],"author":[{"embeddable":true,"href":"https:\/\/olympiquesaumur.fr\/index.php\/wp-json\/wp\/v2\/users\/1"}],"replies":[{"embeddable":true,"href":"https:\/\/olympiquesaumur.fr\/index.php\/wp-json\/wp\/v2\/comments?post=5934"}],"version-history":[{"count":4,"href":"https:\/\/olympiquesaumur.fr\/index.php\/wp-json\/wp\/v2\/posts\/5934\/revisions"}],"predecessor-version":[{"id":5938,"href":"https:\/\/olympiquesaumur.fr\/index.php\/wp-json\/wp\/v2\/posts\/5934\/revisions\/5938"}],"wp:featuredmedia":[{"embeddable":true,"href":"https:\/\/olympiquesaumur.fr\/index.php\/wp-json\/wp\/v2\/media\/5814"}],"wp:attachment":[{"href":"https:\/\/olympiquesaumur.fr\/index.php\/wp-json\/wp\/v2\/media?parent=5934"}],"wp:term":[{"taxonomy":"category","embeddable":true,"href":"https:\/\/olympiquesaumur.fr\/index.php\/wp-json\/wp\/v2\/categories?post=5934"},{"taxonomy":"post_tag","embeddable":true,"href":"https:\/\/olympiquesaumur.fr\/index.php\/wp-json\/wp\/v2\/tags?post=5934"}],"curies":[{"name":"wp","href":"https:\/\/api.w.org\/{rel}","templated":true}]}}