{"id":5928,"date":"2026-01-26T13:20:23","date_gmt":"2026-01-26T12:20:23","guid":{"rendered":"https:\/\/olympiquesaumur.fr\/?p=5928"},"modified":"2026-01-30T16:33:01","modified_gmt":"2026-01-30T15:33:01","slug":"evenement-les-girondins-de-bordeaux-de-retour-aux-rives-du-thouet","status":"publish","type":"post","link":"https:\/\/olympiquesaumur.fr\/index.php\/2026\/01\/26\/evenement-les-girondins-de-bordeaux-de-retour-aux-rives-du-thouet\/","title":{"rendered":"\u00c9v\u00e9nement : Les Girondins de Bordeaux de retour aux Rives du Thouet !"},"content":{"rendered":"\t\t<div data-elementor-type=\"wp-post\" data-elementor-id=\"5928\" class=\"elementor elementor-5928\">\n\t\t\t\t<div class=\"elementor-element elementor-element-99fb010 e-flex e-con-boxed wpr-particle-no wpr-jarallax-no wpr-parallax-no wpr-sticky-section-no e-con e-parent\" data-id=\"99fb010\" data-element_type=\"container\" data-settings=\"{&quot;container_type&quot;:&quot;flex&quot;,&quot;content_width&quot;:&quot;boxed&quot;}\" data-core-v316-plus=\"true\">\n\t\t\t\t\t<div class=\"e-con-inner\">\n\t\t\t\t<div class=\"elementor-element elementor-element-895ebb4 elementor-widget elementor-widget-heading\" data-id=\"895ebb4\" data-element_type=\"widget\" data-widget_type=\"heading.default\">\n\t\t\t\t<div class=\"elementor-widget-container\">\n\t\t\t<style>\/*! elementor - v3.19.0 - 28-02-2024 *\/\n.elementor-heading-title{padding:0;margin:0;line-height:1}.elementor-widget-heading .elementor-heading-title[class*=elementor-size-]>a{color:inherit;font-size:inherit;line-height:inherit}.elementor-widget-heading .elementor-heading-title.elementor-size-small{font-size:15px}.elementor-widget-heading .elementor-heading-title.elementor-size-medium{font-size:19px}.elementor-widget-heading .elementor-heading-title.elementor-size-large{font-size:29px}.elementor-widget-heading .elementor-heading-title.elementor-size-xl{font-size:39px}.elementor-widget-heading .elementor-heading-title.elementor-size-xxl{font-size:59px}<\/style><h2 class=\"elementor-heading-title elementor-size-default\">\u00c9v\u00e9nement : Les Girondins de Bordeaux de retour aux Rives du Thouet !<\/h2>\t\t<\/div>\n\t\t\t\t<\/div>\n\t\t\t\t\t<\/div>\n\t\t\t\t<\/div>\n\t\t<div class=\"elementor-element elementor-element-72c1884 e-flex e-con-boxed wpr-particle-no wpr-jarallax-no wpr-parallax-no wpr-sticky-section-no e-con e-parent\" data-id=\"72c1884\" data-element_type=\"container\" data-settings=\"{&quot;container_type&quot;:&quot;flex&quot;,&quot;content_width&quot;:&quot;boxed&quot;}\" data-core-v316-plus=\"true\">\n\t\t\t\t\t<div class=\"e-con-inner\">\n\t\t\t\t<div class=\"elementor-element elementor-element-f5fe5bc elementor-widget elementor-widget-text-editor\" data-id=\"f5fe5bc\" data-element_type=\"widget\" data-widget_type=\"text-editor.default\">\n\t\t\t\t<div class=\"elementor-widget-container\">\n\t\t\t<style>\/*! elementor - v3.19.0 - 28-02-2024 *\/\n.elementor-widget-text-editor.elementor-drop-cap-view-stacked .elementor-drop-cap{background-color:#69727d;color:#fff}.elementor-widget-text-editor.elementor-drop-cap-view-framed .elementor-drop-cap{color:#69727d;border:3px solid;background-color:transparent}.elementor-widget-text-editor:not(.elementor-drop-cap-view-default) .elementor-drop-cap{margin-top:8px}.elementor-widget-text-editor:not(.elementor-drop-cap-view-default) .elementor-drop-cap-letter{width:1em;height:1em}.elementor-widget-text-editor .elementor-drop-cap{float:left;text-align:center;line-height:1;font-size:50px}.elementor-widget-text-editor .elementor-drop-cap-letter{display:inline-block}<\/style>\t\t\t\t<p data-path-to-node=\"4\"><b data-path-to-node=\"4\" data-index-in-node=\"0\">C\u2019est l\u2019affiche de gala de cette deuxi\u00e8me partie de saison. Pour la deuxi\u00e8me ann\u00e9e cons\u00e9cutive en National 2, l\u2019Olympique Saumur a le privil\u00e8ge de recevoir un monument du football fran\u00e7ais : les Girondins de Bordeaux. Rendez-vous le samedi 14 f\u00e9vrier \u00e0 18h !<\/b><\/p><p data-path-to-node=\"5\">Recevoir un club au palmar\u00e8s aussi prestigieux \u2014 six titres de champion de France et quatre Coupes de France \u2014 est toujours un moment fort pour notre ville et notre club. Apr\u00e8s une premi\u00e8re confrontation m\u00e9morable la saison derni\u00e8re, les deux \u00e9quipes se retrouvent sur la pelouse des Rives du Thouet pour un duel qui s&rsquo;annonce, une fois de plus, exceptionnel.<\/p><p data-path-to-node=\"6\">Pour nos Olympiens, ce match est l&rsquo;occasion de se mesurer \u00e0 nouveau \u00e0 l&rsquo;\u00e9lite du football hexagonal et de porter fi\u00e8rement les couleurs saumuroises devant un public que nous esp\u00e9rons nombreux et passionn\u00e9.<\/p><hr data-path-to-node=\"7\" \/><h3 data-path-to-node=\"8\">\ud83c\udf9f\ufe0f Billetterie : Anticipez votre venue !<\/h3><p data-path-to-node=\"9\">Le stade risque de se remplir tr\u00e8s vite pour cette affiche de prestige. Pour vous garantir l&rsquo;acc\u00e8s au match et \u00e9viter les files d&rsquo;attente le jour J, le club organise plusieurs sessions de <b data-path-to-node=\"9\" data-index-in-node=\"188\">pr\u00e9-ventes<\/b> au club-house :<\/p><ul data-path-to-node=\"10\"><li><p data-path-to-node=\"10,0,0\"><b data-path-to-node=\"10,0,0\" data-index-in-node=\"0\">Mercredi 4 f\u00e9vrier :<\/b> de 9h \u00e0 12h et de 15h \u00e0 19h<\/p><\/li><li><p data-path-to-node=\"10,1,0\"><b data-path-to-node=\"10,1,0\" data-index-in-node=\"0\">Mercredi 11 f\u00e9vrier :<\/b> de 9h \u00e0 12h et de 15h \u00e0 19h<\/p><\/li><li><p data-path-to-node=\"10,2,0\"><b data-path-to-node=\"10,2,0\" data-index-in-node=\"0\">Vendredi 13 f\u00e9vrier :<\/b> de 15h \u00e0 19h<\/p><\/li><\/ul><hr data-path-to-node=\"11\" \/><h3 data-path-to-node=\"12\">\ud83d\udcc5 Infos pratiques<\/h3><ul data-path-to-node=\"13\"><li><p data-path-to-node=\"13,0,0\"><b data-path-to-node=\"13,0,0\" data-index-in-node=\"0\">Match :<\/b> Olympique Saumur vs Girondins de Bordeaux<\/p><\/li><li><p data-path-to-node=\"13,1,0\"><b data-path-to-node=\"13,1,0\" data-index-in-node=\"0\">Date :<\/b> Samedi 14 f\u00e9vrier 2026<\/p><\/li><li><p data-path-to-node=\"13,2,0\"><b data-path-to-node=\"13,2,0\" data-index-in-node=\"0\">Coup d&rsquo;envoi :<\/b> 18h00<\/p><\/li><li><p data-path-to-node=\"13,3,0\"><b data-path-to-node=\"13,3,0\" data-index-in-node=\"0\">Lieu :<\/b> Stade des Rives du Thouet, Saumur<\/p><\/li><\/ul><p data-path-to-node=\"14\">En ce jour de Saint-Valentin, nous vous attendons nombreux en tribunes. Que vous veniez en famille, entre amis ou avec vos proches, ce 14 f\u00e9vrier, <b data-path-to-node=\"14\" data-index-in-node=\"147\">place aux amoureux du ballon rond !<\/b><\/p><p data-path-to-node=\"15\"><b data-path-to-node=\"15\" data-index-in-node=\"0\">#PARCEQUESAUMUR<\/b><\/p>\t\t\t\t\t\t<\/div>\n\t\t\t\t<\/div>\n\t\t\t\t\t<\/div>\n\t\t\t\t<\/div>\n\t\t\t\t<\/div>\n\t\t","protected":false},"excerpt":{"rendered":"<p>\u00c9v\u00e9nement : Les Girondins de Bordeaux de retour aux Rives du Thouet ! C\u2019est l\u2019affiche de gala de cette deuxi\u00e8me partie de saison. Pour la deuxi\u00e8me ann\u00e9e cons\u00e9cutive en National 2, l\u2019Olympique Saumur a le privil\u00e8ge de recevoir un monument du football fran\u00e7ais : les Girondins de Bordeaux. Rendez-vous le samedi 14 f\u00e9vrier \u00e0 18h&#8230;<\/p>\n","protected":false},"author":1,"featured_media":5960,"comment_status":"closed","ping_status":"closed","sticky":false,"template":"","format":"standard","meta":{"om_disable_all_campaigns":false,"_monsterinsights_skip_tracking":false,"_monsterinsights_sitenote_active":false,"_monsterinsights_sitenote_note":"","_monsterinsights_sitenote_category":0,"_kadence_starter_templates_imported_post":false,"_kad_post_transparent":"","_kad_post_title":"","_kad_post_layout":"","_kad_post_sidebar_id":"","_kad_post_content_style":"","_kad_post_vertical_padding":"","_kad_post_feature":"","_kad_post_feature_position":"","_kad_post_header":false,"_kad_post_footer":false,"footnotes":""},"categories":[8,4,7],"tags":[],"class_list":["post-5928","post","type-post","status-publish","format-standard","has-post-thumbnail","hentry","category-actualites","category-seniors","category-vie-de-club"],"yoast_head":"<!-- This site is optimized with the Yoast SEO plugin v22.2 - https:\/\/yoast.com\/wordpress\/plugins\/seo\/ -->\n<title>\u00c9v\u00e9nement : Les Girondins de Bordeaux de retour aux Rives du Thouet ! - Olympique Saumur<\/title>\n<meta name=\"robots\" content=\"index, follow, max-snippet:-1, max-image-preview:large, max-video-preview:-1\" \/>\n<link rel=\"canonical\" href=\"https:\/\/olympiquesaumur.fr\/index.php\/2026\/01\/26\/evenement-les-girondins-de-bordeaux-de-retour-aux-rives-du-thouet\/\" \/>\n<meta property=\"og:locale\" content=\"fr_FR\" \/>\n<meta property=\"og:type\" content=\"article\" \/>\n<meta property=\"og:title\" content=\"\u00c9v\u00e9nement : Les Girondins de Bordeaux de retour aux Rives du Thouet ! - Olympique Saumur\" \/>\n<meta property=\"og:description\" content=\"\u00c9v\u00e9nement : Les Girondins de Bordeaux de retour aux Rives du Thouet ! C\u2019est l\u2019affiche de gala de cette deuxi\u00e8me partie de saison. Pour la deuxi\u00e8me ann\u00e9e cons\u00e9cutive en National 2, l\u2019Olympique Saumur a le privil\u00e8ge de recevoir un monument du football fran\u00e7ais : les Girondins de Bordeaux. Rendez-vous le samedi 14 f\u00e9vrier \u00e0 18h...\" \/>\n<meta property=\"og:url\" content=\"https:\/\/olympiquesaumur.fr\/index.php\/2026\/01\/26\/evenement-les-girondins-de-bordeaux-de-retour-aux-rives-du-thouet\/\" \/>\n<meta property=\"og:site_name\" content=\"Olympique Saumur\" \/>\n<meta property=\"article:published_time\" content=\"2026-01-26T12:20:23+00:00\" \/>\n<meta property=\"article:modified_time\" content=\"2026-01-30T15:33:01+00:00\" \/>\n<meta property=\"og:image\" content=\"https:\/\/olympiquesaumur.fr\/wp-content\/uploads\/2026\/01\/Affiche_Girondins2.jpeg\" \/>\n\t<meta property=\"og:image:width\" content=\"1080\" \/>\n\t<meta property=\"og:image:height\" content=\"1350\" \/>\n\t<meta property=\"og:image:type\" content=\"image\/jpeg\" \/>\n<meta name=\"author\" content=\"adminOSFC\" \/>\n<meta name=\"twitter:card\" content=\"summary_large_image\" \/>\n<meta name=\"twitter:label1\" content=\"\u00c9crit par\" \/>\n\t<meta name=\"twitter:data1\" content=\"adminOSFC\" \/>\n\t<meta name=\"twitter:label2\" content=\"Dur\u00e9e de lecture estim\u00e9e\" \/>\n\t<meta name=\"twitter:data2\" content=\"2 minutes\" \/>\n<script type=\"application\/ld+json\" class=\"yoast-schema-graph\">{\"@context\":\"https:\/\/schema.org\",\"@graph\":[{\"@type\":\"Article\",\"@id\":\"https:\/\/olympiquesaumur.fr\/index.php\/2026\/01\/26\/evenement-les-girondins-de-bordeaux-de-retour-aux-rives-du-thouet\/#article\",\"isPartOf\":{\"@id\":\"https:\/\/olympiquesaumur.fr\/index.php\/2026\/01\/26\/evenement-les-girondins-de-bordeaux-de-retour-aux-rives-du-thouet\/\"},\"author\":{\"name\":\"adminOSFC\",\"@id\":\"https:\/\/olympiquesaumur.fr\/#\/schema\/person\/cd78a7d38d53f8ace85eec1cebdec543\"},\"headline\":\"\u00c9v\u00e9nement : Les Girondins de Bordeaux de retour aux Rives du Thouet !\",\"datePublished\":\"2026-01-26T12:20:23+00:00\",\"dateModified\":\"2026-01-30T15:33:01+00:00\",\"mainEntityOfPage\":{\"@id\":\"https:\/\/olympiquesaumur.fr\/index.php\/2026\/01\/26\/evenement-les-girondins-de-bordeaux-de-retour-aux-rives-du-thouet\/\"},\"wordCount\":294,\"publisher\":{\"@id\":\"https:\/\/olympiquesaumur.fr\/#organization\"},\"image\":{\"@id\":\"https:\/\/olympiquesaumur.fr\/index.php\/2026\/01\/26\/evenement-les-girondins-de-bordeaux-de-retour-aux-rives-du-thouet\/#primaryimage\"},\"thumbnailUrl\":\"https:\/\/olympiquesaumur.fr\/wp-content\/uploads\/2026\/01\/Affiche_Girondins2.jpeg\",\"articleSection\":[\"Actualit\u00e9s\",\"Seniors\",\"Vie du club\"],\"inLanguage\":\"fr-FR\"},{\"@type\":\"WebPage\",\"@id\":\"https:\/\/olympiquesaumur.fr\/index.php\/2026\/01\/26\/evenement-les-girondins-de-bordeaux-de-retour-aux-rives-du-thouet\/\",\"url\":\"https:\/\/olympiquesaumur.fr\/index.php\/2026\/01\/26\/evenement-les-girondins-de-bordeaux-de-retour-aux-rives-du-thouet\/\",\"name\":\"\u00c9v\u00e9nement : Les Girondins de Bordeaux de retour aux Rives du Thouet ! - Olympique Saumur\",\"isPartOf\":{\"@id\":\"https:\/\/olympiquesaumur.fr\/#website\"},\"primaryImageOfPage\":{\"@id\":\"https:\/\/olympiquesaumur.fr\/index.php\/2026\/01\/26\/evenement-les-girondins-de-bordeaux-de-retour-aux-rives-du-thouet\/#primaryimage\"},\"image\":{\"@id\":\"https:\/\/olympiquesaumur.fr\/index.php\/2026\/01\/26\/evenement-les-girondins-de-bordeaux-de-retour-aux-rives-du-thouet\/#primaryimage\"},\"thumbnailUrl\":\"https:\/\/olympiquesaumur.fr\/wp-content\/uploads\/2026\/01\/Affiche_Girondins2.jpeg\",\"datePublished\":\"2026-01-26T12:20:23+00:00\",\"dateModified\":\"2026-01-30T15:33:01+00:00\",\"breadcrumb\":{\"@id\":\"https:\/\/olympiquesaumur.fr\/index.php\/2026\/01\/26\/evenement-les-girondins-de-bordeaux-de-retour-aux-rives-du-thouet\/#breadcrumb\"},\"inLanguage\":\"fr-FR\",\"potentialAction\":[{\"@type\":\"ReadAction\",\"target\":[\"https:\/\/olympiquesaumur.fr\/index.php\/2026\/01\/26\/evenement-les-girondins-de-bordeaux-de-retour-aux-rives-du-thouet\/\"]}]},{\"@type\":\"ImageObject\",\"inLanguage\":\"fr-FR\",\"@id\":\"https:\/\/olympiquesaumur.fr\/index.php\/2026\/01\/26\/evenement-les-girondins-de-bordeaux-de-retour-aux-rives-du-thouet\/#primaryimage\",\"url\":\"https:\/\/olympiquesaumur.fr\/wp-content\/uploads\/2026\/01\/Affiche_Girondins2.jpeg\",\"contentUrl\":\"https:\/\/olympiquesaumur.fr\/wp-content\/uploads\/2026\/01\/Affiche_Girondins2.jpeg\",\"width\":1080,\"height\":1350},{\"@type\":\"BreadcrumbList\",\"@id\":\"https:\/\/olympiquesaumur.fr\/index.php\/2026\/01\/26\/evenement-les-girondins-de-bordeaux-de-retour-aux-rives-du-thouet\/#breadcrumb\",\"itemListElement\":[{\"@type\":\"ListItem\",\"position\":1,\"name\":\"Accueil\",\"item\":\"https:\/\/olympiquesaumur.fr\/\"},{\"@type\":\"ListItem\",\"position\":2,\"name\":\"\u00c9v\u00e9nement : Les Girondins de Bordeaux de retour aux Rives du Thouet !\"}]},{\"@type\":\"WebSite\",\"@id\":\"https:\/\/olympiquesaumur.fr\/#website\",\"url\":\"https:\/\/olympiquesaumur.fr\/\",\"name\":\"Olympique Saumur Football Club\",\"description\":\"#PARCEQUESAUMUR\",\"publisher\":{\"@id\":\"https:\/\/olympiquesaumur.fr\/#organization\"},\"alternateName\":\"OSFC\",\"potentialAction\":[{\"@type\":\"SearchAction\",\"target\":{\"@type\":\"EntryPoint\",\"urlTemplate\":\"https:\/\/olympiquesaumur.fr\/?s={search_term_string}\"},\"query-input\":\"required name=search_term_string\"}],\"inLanguage\":\"fr-FR\"},{\"@type\":\"Organization\",\"@id\":\"https:\/\/olympiquesaumur.fr\/#organization\",\"name\":\"Olympique Saumur Football Club\",\"alternateName\":\"OSFC\",\"url\":\"https:\/\/olympiquesaumur.fr\/\",\"logo\":{\"@type\":\"ImageObject\",\"inLanguage\":\"fr-FR\",\"@id\":\"https:\/\/olympiquesaumur.fr\/#\/schema\/logo\/image\/\",\"url\":\"https:\/\/olympiquesaumur.fr\/wp-content\/uploads\/2024\/03\/Logo_Olympique_Saumur.svg_.png\",\"contentUrl\":\"https:\/\/olympiquesaumur.fr\/wp-content\/uploads\/2024\/03\/Logo_Olympique_Saumur.svg_.png\",\"width\":1200,\"height\":1437,\"caption\":\"Olympique Saumur Football Club\"},\"image\":{\"@id\":\"https:\/\/olympiquesaumur.fr\/#\/schema\/logo\/image\/\"}},{\"@type\":\"Person\",\"@id\":\"https:\/\/olympiquesaumur.fr\/#\/schema\/person\/cd78a7d38d53f8ace85eec1cebdec543\",\"name\":\"adminOSFC\",\"sameAs\":[\"http:\/\/lxkduhl.cluster030.hosting.ovh.net\"]}]}<\/script>\n<!-- \/ Yoast SEO plugin. -->","yoast_head_json":{"title":"\u00c9v\u00e9nement : Les Girondins de Bordeaux de retour aux Rives du Thouet ! - Olympique Saumur","robots":{"index":"index","follow":"follow","max-snippet":"max-snippet:-1","max-image-preview":"max-image-preview:large","max-video-preview":"max-video-preview:-1"},"canonical":"https:\/\/olympiquesaumur.fr\/index.php\/2026\/01\/26\/evenement-les-girondins-de-bordeaux-de-retour-aux-rives-du-thouet\/","og_locale":"fr_FR","og_type":"article","og_title":"\u00c9v\u00e9nement : Les Girondins de Bordeaux de retour aux Rives du Thouet ! - Olympique Saumur","og_description":"\u00c9v\u00e9nement : Les Girondins de Bordeaux de retour aux Rives du Thouet ! C\u2019est l\u2019affiche de gala de cette deuxi\u00e8me partie de saison. Pour la deuxi\u00e8me ann\u00e9e cons\u00e9cutive en National 2, l\u2019Olympique Saumur a le privil\u00e8ge de recevoir un monument du football fran\u00e7ais : les Girondins de Bordeaux. Rendez-vous le samedi 14 f\u00e9vrier \u00e0 18h...","og_url":"https:\/\/olympiquesaumur.fr\/index.php\/2026\/01\/26\/evenement-les-girondins-de-bordeaux-de-retour-aux-rives-du-thouet\/","og_site_name":"Olympique Saumur","article_published_time":"2026-01-26T12:20:23+00:00","article_modified_time":"2026-01-30T15:33:01+00:00","og_image":[{"width":1080,"height":1350,"url":"https:\/\/olympiquesaumur.fr\/wp-content\/uploads\/2026\/01\/Affiche_Girondins2.jpeg","type":"image\/jpeg"}],"author":"adminOSFC","twitter_card":"summary_large_image","twitter_misc":{"\u00c9crit par":"adminOSFC","Dur\u00e9e de lecture estim\u00e9e":"2 minutes"},"schema":{"@context":"https:\/\/schema.org","@graph":[{"@type":"Article","@id":"https:\/\/olympiquesaumur.fr\/index.php\/2026\/01\/26\/evenement-les-girondins-de-bordeaux-de-retour-aux-rives-du-thouet\/#article","isPartOf":{"@id":"https:\/\/olympiquesaumur.fr\/index.php\/2026\/01\/26\/evenement-les-girondins-de-bordeaux-de-retour-aux-rives-du-thouet\/"},"author":{"name":"adminOSFC","@id":"https:\/\/olympiquesaumur.fr\/#\/schema\/person\/cd78a7d38d53f8ace85eec1cebdec543"},"headline":"\u00c9v\u00e9nement : Les Girondins de Bordeaux de retour aux Rives du Thouet !","datePublished":"2026-01-26T12:20:23+00:00","dateModified":"2026-01-30T15:33:01+00:00","mainEntityOfPage":{"@id":"https:\/\/olympiquesaumur.fr\/index.php\/2026\/01\/26\/evenement-les-girondins-de-bordeaux-de-retour-aux-rives-du-thouet\/"},"wordCount":294,"publisher":{"@id":"https:\/\/olympiquesaumur.fr\/#organization"},"image":{"@id":"https:\/\/olympiquesaumur.fr\/index.php\/2026\/01\/26\/evenement-les-girondins-de-bordeaux-de-retour-aux-rives-du-thouet\/#primaryimage"},"thumbnailUrl":"https:\/\/olympiquesaumur.fr\/wp-content\/uploads\/2026\/01\/Affiche_Girondins2.jpeg","articleSection":["Actualit\u00e9s","Seniors","Vie du club"],"inLanguage":"fr-FR"},{"@type":"WebPage","@id":"https:\/\/olympiquesaumur.fr\/index.php\/2026\/01\/26\/evenement-les-girondins-de-bordeaux-de-retour-aux-rives-du-thouet\/","url":"https:\/\/olympiquesaumur.fr\/index.php\/2026\/01\/26\/evenement-les-girondins-de-bordeaux-de-retour-aux-rives-du-thouet\/","name":"\u00c9v\u00e9nement : Les Girondins de Bordeaux de retour aux Rives du Thouet ! - Olympique Saumur","isPartOf":{"@id":"https:\/\/olympiquesaumur.fr\/#website"},"primaryImageOfPage":{"@id":"https:\/\/olympiquesaumur.fr\/index.php\/2026\/01\/26\/evenement-les-girondins-de-bordeaux-de-retour-aux-rives-du-thouet\/#primaryimage"},"image":{"@id":"https:\/\/olympiquesaumur.fr\/index.php\/2026\/01\/26\/evenement-les-girondins-de-bordeaux-de-retour-aux-rives-du-thouet\/#primaryimage"},"thumbnailUrl":"https:\/\/olympiquesaumur.fr\/wp-content\/uploads\/2026\/01\/Affiche_Girondins2.jpeg","datePublished":"2026-01-26T12:20:23+00:00","dateModified":"2026-01-30T15:33:01+00:00","breadcrumb":{"@id":"https:\/\/olympiquesaumur.fr\/index.php\/2026\/01\/26\/evenement-les-girondins-de-bordeaux-de-retour-aux-rives-du-thouet\/#breadcrumb"},"inLanguage":"fr-FR","potentialAction":[{"@type":"ReadAction","target":["https:\/\/olympiquesaumur.fr\/index.php\/2026\/01\/26\/evenement-les-girondins-de-bordeaux-de-retour-aux-rives-du-thouet\/"]}]},{"@type":"ImageObject","inLanguage":"fr-FR","@id":"https:\/\/olympiquesaumur.fr\/index.php\/2026\/01\/26\/evenement-les-girondins-de-bordeaux-de-retour-aux-rives-du-thouet\/#primaryimage","url":"https:\/\/olympiquesaumur.fr\/wp-content\/uploads\/2026\/01\/Affiche_Girondins2.jpeg","contentUrl":"https:\/\/olympiquesaumur.fr\/wp-content\/uploads\/2026\/01\/Affiche_Girondins2.jpeg","width":1080,"height":1350},{"@type":"BreadcrumbList","@id":"https:\/\/olympiquesaumur.fr\/index.php\/2026\/01\/26\/evenement-les-girondins-de-bordeaux-de-retour-aux-rives-du-thouet\/#breadcrumb","itemListElement":[{"@type":"ListItem","position":1,"name":"Accueil","item":"https:\/\/olympiquesaumur.fr\/"},{"@type":"ListItem","position":2,"name":"\u00c9v\u00e9nement : Les Girondins de Bordeaux de retour aux Rives du Thouet !"}]},{"@type":"WebSite","@id":"https:\/\/olympiquesaumur.fr\/#website","url":"https:\/\/olympiquesaumur.fr\/","name":"Olympique Saumur Football Club","description":"#PARCEQUESAUMUR","publisher":{"@id":"https:\/\/olympiquesaumur.fr\/#organization"},"alternateName":"OSFC","potentialAction":[{"@type":"SearchAction","target":{"@type":"EntryPoint","urlTemplate":"https:\/\/olympiquesaumur.fr\/?s={search_term_string}"},"query-input":"required name=search_term_string"}],"inLanguage":"fr-FR"},{"@type":"Organization","@id":"https:\/\/olympiquesaumur.fr\/#organization","name":"Olympique Saumur Football Club","alternateName":"OSFC","url":"https:\/\/olympiquesaumur.fr\/","logo":{"@type":"ImageObject","inLanguage":"fr-FR","@id":"https:\/\/olympiquesaumur.fr\/#\/schema\/logo\/image\/","url":"https:\/\/olympiquesaumur.fr\/wp-content\/uploads\/2024\/03\/Logo_Olympique_Saumur.svg_.png","contentUrl":"https:\/\/olympiquesaumur.fr\/wp-content\/uploads\/2024\/03\/Logo_Olympique_Saumur.svg_.png","width":1200,"height":1437,"caption":"Olympique Saumur Football Club"},"image":{"@id":"https:\/\/olympiquesaumur.fr\/#\/schema\/logo\/image\/"}},{"@type":"Person","@id":"https:\/\/olympiquesaumur.fr\/#\/schema\/person\/cd78a7d38d53f8ace85eec1cebdec543","name":"adminOSFC","sameAs":["http:\/\/lxkduhl.cluster030.hosting.ovh.net"]}]}},"_links":{"self":[{"href":"https:\/\/olympiquesaumur.fr\/index.php\/wp-json\/wp\/v2\/posts\/5928","targetHints":{"allow":["GET"]}}],"collection":[{"href":"https:\/\/olympiquesaumur.fr\/index.php\/wp-json\/wp\/v2\/posts"}],"about":[{"href":"https:\/\/olympiquesaumur.fr\/index.php\/wp-json\/wp\/v2\/types\/post"}],"author":[{"embeddable":true,"href":"https:\/\/olympiquesaumur.fr\/index.php\/wp-json\/wp\/v2\/users\/1"}],"replies":[{"embeddable":true,"href":"https:\/\/olympiquesaumur.fr\/index.php\/wp-json\/wp\/v2\/comments?post=5928"}],"version-history":[{"count":8,"href":"https:\/\/olympiquesaumur.fr\/index.php\/wp-json\/wp\/v2\/posts\/5928\/revisions"}],"predecessor-version":[{"id":5949,"href":"https:\/\/olympiquesaumur.fr\/index.php\/wp-json\/wp\/v2\/posts\/5928\/revisions\/5949"}],"wp:featuredmedia":[{"embeddable":true,"href":"https:\/\/olympiquesaumur.fr\/index.php\/wp-json\/wp\/v2\/media\/5960"}],"wp:attachment":[{"href":"https:\/\/olympiquesaumur.fr\/index.php\/wp-json\/wp\/v2\/media?parent=5928"}],"wp:term":[{"taxonomy":"category","embeddable":true,"href":"https:\/\/olympiquesaumur.fr\/index.php\/wp-json\/wp\/v2\/categories?post=5928"},{"taxonomy":"post_tag","embeddable":true,"href":"https:\/\/olympiquesaumur.fr\/index.php\/wp-json\/wp\/v2\/tags?post=5928"}],"curies":[{"name":"wp","href":"https:\/\/api.w.org\/{rel}","templated":true}]}}