{"id":5758,"date":"2025-12-07T16:18:29","date_gmt":"2025-12-07T15:18:29","guid":{"rendered":"https:\/\/olympiquesaumur.fr\/?p=5758"},"modified":"2025-12-07T16:30:02","modified_gmt":"2025-12-07T15:30:02","slug":"a-la-rencontre-de-margot-guillon","status":"publish","type":"post","link":"https:\/\/olympiquesaumur.fr\/index.php\/2025\/12\/07\/a-la-rencontre-de-margot-guillon\/","title":{"rendered":"A la rencontre de&#8230;Margot GUILLON"},"content":{"rendered":"\t\t<div data-elementor-type=\"wp-post\" data-elementor-id=\"5758\" class=\"elementor elementor-5758\">\n\t\t\t\t<div class=\"elementor-element elementor-element-69b782f e-flex e-con-boxed wpr-particle-no wpr-jarallax-no wpr-parallax-no wpr-sticky-section-no e-con e-parent\" data-id=\"69b782f\" data-element_type=\"container\" data-settings=\"{&quot;container_type&quot;:&quot;flex&quot;,&quot;content_width&quot;:&quot;boxed&quot;}\" data-core-v316-plus=\"true\">\n\t\t\t\t\t<div class=\"e-con-inner\">\n\t\t\t\t<div class=\"elementor-element elementor-element-5175d75 elementor-widget elementor-widget-heading\" data-id=\"5175d75\" data-element_type=\"widget\" data-widget_type=\"heading.default\">\n\t\t\t\t<div class=\"elementor-widget-container\">\n\t\t\t<style>\/*! elementor - v3.19.0 - 28-02-2024 *\/\n.elementor-heading-title{padding:0;margin:0;line-height:1}.elementor-widget-heading .elementor-heading-title[class*=elementor-size-]>a{color:inherit;font-size:inherit;line-height:inherit}.elementor-widget-heading .elementor-heading-title.elementor-size-small{font-size:15px}.elementor-widget-heading .elementor-heading-title.elementor-size-medium{font-size:19px}.elementor-widget-heading .elementor-heading-title.elementor-size-large{font-size:29px}.elementor-widget-heading .elementor-heading-title.elementor-size-xl{font-size:39px}.elementor-widget-heading .elementor-heading-title.elementor-size-xxl{font-size:59px}<\/style><h2 class=\"elementor-heading-title elementor-size-default\">A la rencontre de... Margot GUILLON<\/h2>\t\t<\/div>\n\t\t\t\t<\/div>\n\t\t\t\t\t<\/div>\n\t\t\t\t<\/div>\n\t\t<div class=\"elementor-element elementor-element-7aa73b0 e-flex e-con-boxed wpr-particle-no wpr-jarallax-no wpr-parallax-no wpr-sticky-section-no e-con e-parent\" data-id=\"7aa73b0\" data-element_type=\"container\" data-settings=\"{&quot;container_type&quot;:&quot;flex&quot;,&quot;content_width&quot;:&quot;boxed&quot;}\" data-core-v316-plus=\"true\">\n\t\t\t\t\t<div class=\"e-con-inner\">\n\t\t\t\t<div class=\"elementor-element elementor-element-8715223 elementor-widget elementor-widget-text-editor\" data-id=\"8715223\" data-element_type=\"widget\" data-widget_type=\"text-editor.default\">\n\t\t\t\t<div class=\"elementor-widget-container\">\n\t\t\t<style>\/*! elementor - v3.19.0 - 28-02-2024 *\/\n.elementor-widget-text-editor.elementor-drop-cap-view-stacked .elementor-drop-cap{background-color:#69727d;color:#fff}.elementor-widget-text-editor.elementor-drop-cap-view-framed .elementor-drop-cap{color:#69727d;border:3px solid;background-color:transparent}.elementor-widget-text-editor:not(.elementor-drop-cap-view-default) .elementor-drop-cap{margin-top:8px}.elementor-widget-text-editor:not(.elementor-drop-cap-view-default) .elementor-drop-cap-letter{width:1em;height:1em}.elementor-widget-text-editor .elementor-drop-cap{float:left;text-align:center;line-height:1;font-size:50px}.elementor-widget-text-editor .elementor-drop-cap-letter{display:inline-block}<\/style>\t\t\t\t<p><strong>Peux-tu te pr\u00e9senter ?\u00a0<\/strong><\/p><p>Bonjour, je m\u2019appelle Margot Guillon, j\u2019ai 12 ans et je suis gardienne, passionn\u00e9e par le football et par ce poste.<\/p><p><strong>Peux-tu expliquer ce que tu fais ?\u00a0<\/strong><\/p><p>Je suis coll\u00e9gienne \u00e0 Pierre Mend\u00e8s France en classe de 5\u00e8me. J\u2019ai commenc\u00e9 le football la saison derni\u00e8re.<\/p><p><strong>Dans quelle \u00e9quipe joues-tu ?\u00a0<\/strong><\/p><p>Je suis gardienne des U13F depuis 8 mois apr\u00e8s avoir essay\u00e9 de jouer sur le terrain mais j\u2019ai trouv\u00e9 ma place dans les buts.<\/p><p><strong>Ton rituel avant un match ?\u00a0<\/strong><\/p><p>Mes matchs sont souvent le samedi en d\u00e9but d\u2019apr\u00e8s-midi, donc j\u2019ai le temps de me r\u00e9veiller tranquillement et de prendre un bon petit d\u00e9jeuner. Une fois dans le vestiaire, j\u2019ai pour habitude de prendre une photo de ma tenue \u00e0 chaque match.<\/p><p><strong>Qu\u2019est-ce qui, selon toi, rend ce club diff\u00e9rent des autres ?\u00a0<\/strong><\/p><p>Je n\u2019ai pas connu d\u2019autres clubs mais je connais l\u2019Olympique depuis que je suis toute petite et c\u2019est pour moi, mon club de c\u0153ur.\u00a0<\/p><p><strong>Quels sont tes objectifs pour cette saison ?<\/strong>\u00a0<\/p><p>Prendre du plaisir sur le terrain, gagner un maximum de match avec mon \u00e9quipe et continuer \u00e0 progresser.<\/p><p><strong>Un dernier mot ?\u00a0<\/strong><\/p><p>Ici c\u2019est, Saumur ! Ici c\u2019est, Saumur ! #PARCEQUESAUMUR<\/p>\t\t\t\t\t\t<\/div>\n\t\t\t\t<\/div>\n\t\t\t\t\t<\/div>\n\t\t\t\t<\/div>\n\t\t<div class=\"elementor-element elementor-element-3f956e7 e-flex e-con-boxed wpr-particle-no wpr-jarallax-no wpr-parallax-no wpr-sticky-section-no e-con e-parent\" data-id=\"3f956e7\" data-element_type=\"container\" data-settings=\"{&quot;container_type&quot;:&quot;flex&quot;,&quot;content_width&quot;:&quot;boxed&quot;}\" data-core-v316-plus=\"true\">\n\t\t\t\t\t<div class=\"e-con-inner\">\n\t\t\t\t<div class=\"elementor-element elementor-element-a098591 elementor-widget elementor-widget-image\" data-id=\"a098591\" data-element_type=\"widget\" data-widget_type=\"image.default\">\n\t\t\t\t<div class=\"elementor-widget-container\">\n\t\t\t<style>\/*! elementor - v3.19.0 - 28-02-2024 *\/\n.elementor-widget-image{text-align:center}.elementor-widget-image a{display:inline-block}.elementor-widget-image a img[src$=\".svg\"]{width:48px}.elementor-widget-image img{vertical-align:middle;display:inline-block}<\/style>\t\t\t\t\t\t\t\t\t\t<img fetchpriority=\"high\" decoding=\"async\" width=\"447\" height=\"1024\" src=\"https:\/\/olympiquesaumur.fr\/wp-content\/uploads\/2025\/12\/Margot_GB-447x1024.jpg\" class=\"attachment-large size-large wp-image-5761\" alt=\"\" srcset=\"https:\/\/olympiquesaumur.fr\/wp-content\/uploads\/2025\/12\/Margot_GB-447x1024.jpg 447w, https:\/\/olympiquesaumur.fr\/wp-content\/uploads\/2025\/12\/Margot_GB-131x300.jpg 131w, https:\/\/olympiquesaumur.fr\/wp-content\/uploads\/2025\/12\/Margot_GB-670x1536.jpg 670w, https:\/\/olympiquesaumur.fr\/wp-content\/uploads\/2025\/12\/Margot_GB-600x1375.jpg 600w, https:\/\/olympiquesaumur.fr\/wp-content\/uploads\/2025\/12\/Margot_GB.jpg 698w\" sizes=\"(max-width: 447px) 100vw, 447px\" \/>\t\t\t\t\t\t\t\t\t\t\t\t\t<\/div>\n\t\t\t\t<\/div>\n\t\t\t\t\t<\/div>\n\t\t\t\t<\/div>\n\t\t\t\t<\/div>\n\t\t","protected":false},"excerpt":{"rendered":"<p>A la rencontre de&#8230; Margot GUILLON Peux-tu te pr\u00e9senter ?\u00a0 Bonjour, je m\u2019appelle Margot Guillon, j\u2019ai 12 ans et je suis gardienne, passionn\u00e9e par le football et par ce poste. Peux-tu expliquer ce que tu fais ?\u00a0 Je suis coll\u00e9gienne \u00e0 Pierre Mend\u00e8s France en classe de 5\u00e8me. J\u2019ai commenc\u00e9 le football la saison derni\u00e8re&#8230;.<\/p>\n","protected":false},"author":1,"featured_media":5760,"comment_status":"closed","ping_status":"closed","sticky":false,"template":"","format":"standard","meta":{"om_disable_all_campaigns":false,"_monsterinsights_skip_tracking":false,"_monsterinsights_sitenote_active":false,"_monsterinsights_sitenote_note":"","_monsterinsights_sitenote_category":0,"_kadence_starter_templates_imported_post":false,"_kad_post_transparent":"","_kad_post_title":"","_kad_post_layout":"","_kad_post_sidebar_id":"","_kad_post_content_style":"","_kad_post_vertical_padding":"","_kad_post_feature":"","_kad_post_feature_position":"","_kad_post_header":false,"_kad_post_footer":false,"footnotes":""},"categories":[8,5,9,7],"tags":[],"class_list":["post-5758","post","type-post","status-publish","format-standard","has-post-thumbnail","hentry","category-actualites","category-feminines","category-gardiens-de-but","category-vie-de-club"],"yoast_head":"<!-- This site is optimized with the Yoast SEO plugin v22.2 - https:\/\/yoast.com\/wordpress\/plugins\/seo\/ -->\n<title>A la rencontre de...Margot GUILLON - Olympique Saumur<\/title>\n<meta name=\"robots\" content=\"index, follow, max-snippet:-1, max-image-preview:large, max-video-preview:-1\" \/>\n<link rel=\"canonical\" href=\"https:\/\/olympiquesaumur.fr\/index.php\/2025\/12\/07\/a-la-rencontre-de-margot-guillon\/\" \/>\n<meta property=\"og:locale\" content=\"fr_FR\" \/>\n<meta property=\"og:type\" content=\"article\" \/>\n<meta property=\"og:title\" content=\"A la rencontre de...Margot GUILLON - Olympique Saumur\" \/>\n<meta property=\"og:description\" content=\"A la rencontre de&#8230; Margot GUILLON Peux-tu te pr\u00e9senter ?\u00a0 Bonjour, je m\u2019appelle Margot Guillon, j\u2019ai 12 ans et je suis gardienne, passionn\u00e9e par le football et par ce poste. Peux-tu expliquer ce que tu fais ?\u00a0 Je suis coll\u00e9gienne \u00e0 Pierre Mend\u00e8s France en classe de 5\u00e8me. J\u2019ai commenc\u00e9 le football la saison derni\u00e8re....\" \/>\n<meta property=\"og:url\" content=\"https:\/\/olympiquesaumur.fr\/index.php\/2025\/12\/07\/a-la-rencontre-de-margot-guillon\/\" \/>\n<meta property=\"og:site_name\" content=\"Olympique Saumur\" \/>\n<meta property=\"article:published_time\" content=\"2025-12-07T15:18:29+00:00\" \/>\n<meta property=\"article:modified_time\" content=\"2025-12-07T15:30:02+00:00\" \/>\n<meta property=\"og:image\" content=\"https:\/\/olympiquesaumur.fr\/wp-content\/uploads\/2025\/12\/PXL_20251206_120520833-scaled.jpg\" \/>\n\t<meta property=\"og:image:width\" content=\"2560\" \/>\n\t<meta property=\"og:image:height\" content=\"1325\" \/>\n\t<meta property=\"og:image:type\" content=\"image\/jpeg\" \/>\n<meta name=\"author\" content=\"adminOSFC\" \/>\n<meta name=\"twitter:card\" content=\"summary_large_image\" \/>\n<meta name=\"twitter:label1\" content=\"\u00c9crit par\" \/>\n\t<meta name=\"twitter:data1\" content=\"adminOSFC\" \/>\n\t<meta name=\"twitter:label2\" content=\"Dur\u00e9e de lecture estim\u00e9e\" \/>\n\t<meta name=\"twitter:data2\" content=\"2 minutes\" \/>\n<script type=\"application\/ld+json\" class=\"yoast-schema-graph\">{\"@context\":\"https:\/\/schema.org\",\"@graph\":[{\"@type\":\"Article\",\"@id\":\"https:\/\/olympiquesaumur.fr\/index.php\/2025\/12\/07\/a-la-rencontre-de-margot-guillon\/#article\",\"isPartOf\":{\"@id\":\"https:\/\/olympiquesaumur.fr\/index.php\/2025\/12\/07\/a-la-rencontre-de-margot-guillon\/\"},\"author\":{\"name\":\"adminOSFC\",\"@id\":\"https:\/\/olympiquesaumur.fr\/#\/schema\/person\/cd78a7d38d53f8ace85eec1cebdec543\"},\"headline\":\"A la rencontre de&#8230;Margot GUILLON\",\"datePublished\":\"2025-12-07T15:18:29+00:00\",\"dateModified\":\"2025-12-07T15:30:02+00:00\",\"mainEntityOfPage\":{\"@id\":\"https:\/\/olympiquesaumur.fr\/index.php\/2025\/12\/07\/a-la-rencontre-de-margot-guillon\/\"},\"wordCount\":225,\"publisher\":{\"@id\":\"https:\/\/olympiquesaumur.fr\/#organization\"},\"image\":{\"@id\":\"https:\/\/olympiquesaumur.fr\/index.php\/2025\/12\/07\/a-la-rencontre-de-margot-guillon\/#primaryimage\"},\"thumbnailUrl\":\"https:\/\/olympiquesaumur.fr\/wp-content\/uploads\/2025\/12\/PXL_20251206_120520833-scaled.jpg\",\"articleSection\":[\"Actualit\u00e9s\",\"F\u00e9minines\",\"Gardiens de but\",\"Vie du club\"],\"inLanguage\":\"fr-FR\"},{\"@type\":\"WebPage\",\"@id\":\"https:\/\/olympiquesaumur.fr\/index.php\/2025\/12\/07\/a-la-rencontre-de-margot-guillon\/\",\"url\":\"https:\/\/olympiquesaumur.fr\/index.php\/2025\/12\/07\/a-la-rencontre-de-margot-guillon\/\",\"name\":\"A la rencontre de...Margot GUILLON - Olympique Saumur\",\"isPartOf\":{\"@id\":\"https:\/\/olympiquesaumur.fr\/#website\"},\"primaryImageOfPage\":{\"@id\":\"https:\/\/olympiquesaumur.fr\/index.php\/2025\/12\/07\/a-la-rencontre-de-margot-guillon\/#primaryimage\"},\"image\":{\"@id\":\"https:\/\/olympiquesaumur.fr\/index.php\/2025\/12\/07\/a-la-rencontre-de-margot-guillon\/#primaryimage\"},\"thumbnailUrl\":\"https:\/\/olympiquesaumur.fr\/wp-content\/uploads\/2025\/12\/PXL_20251206_120520833-scaled.jpg\",\"datePublished\":\"2025-12-07T15:18:29+00:00\",\"dateModified\":\"2025-12-07T15:30:02+00:00\",\"breadcrumb\":{\"@id\":\"https:\/\/olympiquesaumur.fr\/index.php\/2025\/12\/07\/a-la-rencontre-de-margot-guillon\/#breadcrumb\"},\"inLanguage\":\"fr-FR\",\"potentialAction\":[{\"@type\":\"ReadAction\",\"target\":[\"https:\/\/olympiquesaumur.fr\/index.php\/2025\/12\/07\/a-la-rencontre-de-margot-guillon\/\"]}]},{\"@type\":\"ImageObject\",\"inLanguage\":\"fr-FR\",\"@id\":\"https:\/\/olympiquesaumur.fr\/index.php\/2025\/12\/07\/a-la-rencontre-de-margot-guillon\/#primaryimage\",\"url\":\"https:\/\/olympiquesaumur.fr\/wp-content\/uploads\/2025\/12\/PXL_20251206_120520833-scaled.jpg\",\"contentUrl\":\"https:\/\/olympiquesaumur.fr\/wp-content\/uploads\/2025\/12\/PXL_20251206_120520833-scaled.jpg\",\"width\":2560,\"height\":1325},{\"@type\":\"BreadcrumbList\",\"@id\":\"https:\/\/olympiquesaumur.fr\/index.php\/2025\/12\/07\/a-la-rencontre-de-margot-guillon\/#breadcrumb\",\"itemListElement\":[{\"@type\":\"ListItem\",\"position\":1,\"name\":\"Accueil\",\"item\":\"https:\/\/olympiquesaumur.fr\/\"},{\"@type\":\"ListItem\",\"position\":2,\"name\":\"A la rencontre de&#8230;Margot GUILLON\"}]},{\"@type\":\"WebSite\",\"@id\":\"https:\/\/olympiquesaumur.fr\/#website\",\"url\":\"https:\/\/olympiquesaumur.fr\/\",\"name\":\"Olympique Saumur Football Club\",\"description\":\"#PARCEQUESAUMUR\",\"publisher\":{\"@id\":\"https:\/\/olympiquesaumur.fr\/#organization\"},\"alternateName\":\"OSFC\",\"potentialAction\":[{\"@type\":\"SearchAction\",\"target\":{\"@type\":\"EntryPoint\",\"urlTemplate\":\"https:\/\/olympiquesaumur.fr\/?s={search_term_string}\"},\"query-input\":\"required name=search_term_string\"}],\"inLanguage\":\"fr-FR\"},{\"@type\":\"Organization\",\"@id\":\"https:\/\/olympiquesaumur.fr\/#organization\",\"name\":\"Olympique Saumur Football Club\",\"alternateName\":\"OSFC\",\"url\":\"https:\/\/olympiquesaumur.fr\/\",\"logo\":{\"@type\":\"ImageObject\",\"inLanguage\":\"fr-FR\",\"@id\":\"https:\/\/olympiquesaumur.fr\/#\/schema\/logo\/image\/\",\"url\":\"https:\/\/olympiquesaumur.fr\/wp-content\/uploads\/2024\/03\/Logo_Olympique_Saumur.svg_.png\",\"contentUrl\":\"https:\/\/olympiquesaumur.fr\/wp-content\/uploads\/2024\/03\/Logo_Olympique_Saumur.svg_.png\",\"width\":1200,\"height\":1437,\"caption\":\"Olympique Saumur Football Club\"},\"image\":{\"@id\":\"https:\/\/olympiquesaumur.fr\/#\/schema\/logo\/image\/\"}},{\"@type\":\"Person\",\"@id\":\"https:\/\/olympiquesaumur.fr\/#\/schema\/person\/cd78a7d38d53f8ace85eec1cebdec543\",\"name\":\"adminOSFC\",\"sameAs\":[\"http:\/\/lxkduhl.cluster030.hosting.ovh.net\"]}]}<\/script>\n<!-- \/ Yoast SEO plugin. -->","yoast_head_json":{"title":"A la rencontre de...Margot GUILLON - Olympique Saumur","robots":{"index":"index","follow":"follow","max-snippet":"max-snippet:-1","max-image-preview":"max-image-preview:large","max-video-preview":"max-video-preview:-1"},"canonical":"https:\/\/olympiquesaumur.fr\/index.php\/2025\/12\/07\/a-la-rencontre-de-margot-guillon\/","og_locale":"fr_FR","og_type":"article","og_title":"A la rencontre de...Margot GUILLON - Olympique Saumur","og_description":"A la rencontre de&#8230; Margot GUILLON Peux-tu te pr\u00e9senter ?\u00a0 Bonjour, je m\u2019appelle Margot Guillon, j\u2019ai 12 ans et je suis gardienne, passionn\u00e9e par le football et par ce poste. Peux-tu expliquer ce que tu fais ?\u00a0 Je suis coll\u00e9gienne \u00e0 Pierre Mend\u00e8s France en classe de 5\u00e8me. J\u2019ai commenc\u00e9 le football la saison derni\u00e8re....","og_url":"https:\/\/olympiquesaumur.fr\/index.php\/2025\/12\/07\/a-la-rencontre-de-margot-guillon\/","og_site_name":"Olympique Saumur","article_published_time":"2025-12-07T15:18:29+00:00","article_modified_time":"2025-12-07T15:30:02+00:00","og_image":[{"width":2560,"height":1325,"url":"https:\/\/olympiquesaumur.fr\/wp-content\/uploads\/2025\/12\/PXL_20251206_120520833-scaled.jpg","type":"image\/jpeg"}],"author":"adminOSFC","twitter_card":"summary_large_image","twitter_misc":{"\u00c9crit par":"adminOSFC","Dur\u00e9e de lecture estim\u00e9e":"2 minutes"},"schema":{"@context":"https:\/\/schema.org","@graph":[{"@type":"Article","@id":"https:\/\/olympiquesaumur.fr\/index.php\/2025\/12\/07\/a-la-rencontre-de-margot-guillon\/#article","isPartOf":{"@id":"https:\/\/olympiquesaumur.fr\/index.php\/2025\/12\/07\/a-la-rencontre-de-margot-guillon\/"},"author":{"name":"adminOSFC","@id":"https:\/\/olympiquesaumur.fr\/#\/schema\/person\/cd78a7d38d53f8ace85eec1cebdec543"},"headline":"A la rencontre de&#8230;Margot GUILLON","datePublished":"2025-12-07T15:18:29+00:00","dateModified":"2025-12-07T15:30:02+00:00","mainEntityOfPage":{"@id":"https:\/\/olympiquesaumur.fr\/index.php\/2025\/12\/07\/a-la-rencontre-de-margot-guillon\/"},"wordCount":225,"publisher":{"@id":"https:\/\/olympiquesaumur.fr\/#organization"},"image":{"@id":"https:\/\/olympiquesaumur.fr\/index.php\/2025\/12\/07\/a-la-rencontre-de-margot-guillon\/#primaryimage"},"thumbnailUrl":"https:\/\/olympiquesaumur.fr\/wp-content\/uploads\/2025\/12\/PXL_20251206_120520833-scaled.jpg","articleSection":["Actualit\u00e9s","F\u00e9minines","Gardiens de but","Vie du club"],"inLanguage":"fr-FR"},{"@type":"WebPage","@id":"https:\/\/olympiquesaumur.fr\/index.php\/2025\/12\/07\/a-la-rencontre-de-margot-guillon\/","url":"https:\/\/olympiquesaumur.fr\/index.php\/2025\/12\/07\/a-la-rencontre-de-margot-guillon\/","name":"A la rencontre de...Margot GUILLON - Olympique Saumur","isPartOf":{"@id":"https:\/\/olympiquesaumur.fr\/#website"},"primaryImageOfPage":{"@id":"https:\/\/olympiquesaumur.fr\/index.php\/2025\/12\/07\/a-la-rencontre-de-margot-guillon\/#primaryimage"},"image":{"@id":"https:\/\/olympiquesaumur.fr\/index.php\/2025\/12\/07\/a-la-rencontre-de-margot-guillon\/#primaryimage"},"thumbnailUrl":"https:\/\/olympiquesaumur.fr\/wp-content\/uploads\/2025\/12\/PXL_20251206_120520833-scaled.jpg","datePublished":"2025-12-07T15:18:29+00:00","dateModified":"2025-12-07T15:30:02+00:00","breadcrumb":{"@id":"https:\/\/olympiquesaumur.fr\/index.php\/2025\/12\/07\/a-la-rencontre-de-margot-guillon\/#breadcrumb"},"inLanguage":"fr-FR","potentialAction":[{"@type":"ReadAction","target":["https:\/\/olympiquesaumur.fr\/index.php\/2025\/12\/07\/a-la-rencontre-de-margot-guillon\/"]}]},{"@type":"ImageObject","inLanguage":"fr-FR","@id":"https:\/\/olympiquesaumur.fr\/index.php\/2025\/12\/07\/a-la-rencontre-de-margot-guillon\/#primaryimage","url":"https:\/\/olympiquesaumur.fr\/wp-content\/uploads\/2025\/12\/PXL_20251206_120520833-scaled.jpg","contentUrl":"https:\/\/olympiquesaumur.fr\/wp-content\/uploads\/2025\/12\/PXL_20251206_120520833-scaled.jpg","width":2560,"height":1325},{"@type":"BreadcrumbList","@id":"https:\/\/olympiquesaumur.fr\/index.php\/2025\/12\/07\/a-la-rencontre-de-margot-guillon\/#breadcrumb","itemListElement":[{"@type":"ListItem","position":1,"name":"Accueil","item":"https:\/\/olympiquesaumur.fr\/"},{"@type":"ListItem","position":2,"name":"A la rencontre de&#8230;Margot GUILLON"}]},{"@type":"WebSite","@id":"https:\/\/olympiquesaumur.fr\/#website","url":"https:\/\/olympiquesaumur.fr\/","name":"Olympique Saumur Football Club","description":"#PARCEQUESAUMUR","publisher":{"@id":"https:\/\/olympiquesaumur.fr\/#organization"},"alternateName":"OSFC","potentialAction":[{"@type":"SearchAction","target":{"@type":"EntryPoint","urlTemplate":"https:\/\/olympiquesaumur.fr\/?s={search_term_string}"},"query-input":"required name=search_term_string"}],"inLanguage":"fr-FR"},{"@type":"Organization","@id":"https:\/\/olympiquesaumur.fr\/#organization","name":"Olympique Saumur Football Club","alternateName":"OSFC","url":"https:\/\/olympiquesaumur.fr\/","logo":{"@type":"ImageObject","inLanguage":"fr-FR","@id":"https:\/\/olympiquesaumur.fr\/#\/schema\/logo\/image\/","url":"https:\/\/olympiquesaumur.fr\/wp-content\/uploads\/2024\/03\/Logo_Olympique_Saumur.svg_.png","contentUrl":"https:\/\/olympiquesaumur.fr\/wp-content\/uploads\/2024\/03\/Logo_Olympique_Saumur.svg_.png","width":1200,"height":1437,"caption":"Olympique Saumur Football Club"},"image":{"@id":"https:\/\/olympiquesaumur.fr\/#\/schema\/logo\/image\/"}},{"@type":"Person","@id":"https:\/\/olympiquesaumur.fr\/#\/schema\/person\/cd78a7d38d53f8ace85eec1cebdec543","name":"adminOSFC","sameAs":["http:\/\/lxkduhl.cluster030.hosting.ovh.net"]}]}},"_links":{"self":[{"href":"https:\/\/olympiquesaumur.fr\/index.php\/wp-json\/wp\/v2\/posts\/5758","targetHints":{"allow":["GET"]}}],"collection":[{"href":"https:\/\/olympiquesaumur.fr\/index.php\/wp-json\/wp\/v2\/posts"}],"about":[{"href":"https:\/\/olympiquesaumur.fr\/index.php\/wp-json\/wp\/v2\/types\/post"}],"author":[{"embeddable":true,"href":"https:\/\/olympiquesaumur.fr\/index.php\/wp-json\/wp\/v2\/users\/1"}],"replies":[{"embeddable":true,"href":"https:\/\/olympiquesaumur.fr\/index.php\/wp-json\/wp\/v2\/comments?post=5758"}],"version-history":[{"count":4,"href":"https:\/\/olympiquesaumur.fr\/index.php\/wp-json\/wp\/v2\/posts\/5758\/revisions"}],"predecessor-version":[{"id":5764,"href":"https:\/\/olympiquesaumur.fr\/index.php\/wp-json\/wp\/v2\/posts\/5758\/revisions\/5764"}],"wp:featuredmedia":[{"embeddable":true,"href":"https:\/\/olympiquesaumur.fr\/index.php\/wp-json\/wp\/v2\/media\/5760"}],"wp:attachment":[{"href":"https:\/\/olympiquesaumur.fr\/index.php\/wp-json\/wp\/v2\/media?parent=5758"}],"wp:term":[{"taxonomy":"category","embeddable":true,"href":"https:\/\/olympiquesaumur.fr\/index.php\/wp-json\/wp\/v2\/categories?post=5758"},{"taxonomy":"post_tag","embeddable":true,"href":"https:\/\/olympiquesaumur.fr\/index.php\/wp-json\/wp\/v2\/tags?post=5758"}],"curies":[{"name":"wp","href":"https:\/\/api.w.org\/{rel}","templated":true}]}}