{"id":4739,"date":"2025-07-04T14:27:01","date_gmt":"2025-07-04T12:27:01","guid":{"rendered":"https:\/\/olympiquesaumur.fr\/?p=4739"},"modified":"2025-07-04T14:45:09","modified_gmt":"2025-07-04T12:45:09","slug":"point-mercato-du-04-juillet-2025","status":"publish","type":"post","link":"https:\/\/olympiquesaumur.fr\/index.php\/2025\/07\/04\/point-mercato-du-04-juillet-2025\/","title":{"rendered":"Point mercato du 04 Juillet 2025"},"content":{"rendered":"\t\t<div data-elementor-type=\"wp-post\" data-elementor-id=\"4739\" class=\"elementor elementor-4739\">\n\t\t\t\t<div class=\"elementor-element elementor-element-bd4c473 e-flex e-con-boxed wpr-particle-no wpr-jarallax-no wpr-parallax-no wpr-sticky-section-no e-con e-parent\" data-id=\"bd4c473\" data-element_type=\"container\" data-settings=\"{&quot;container_type&quot;:&quot;flex&quot;,&quot;content_width&quot;:&quot;boxed&quot;}\" data-core-v316-plus=\"true\">\n\t\t\t\t\t<div class=\"e-con-inner\">\n\t\t\t\t<div class=\"elementor-element elementor-element-8c402d8 elementor-widget elementor-widget-heading\" data-id=\"8c402d8\" data-element_type=\"widget\" data-widget_type=\"heading.default\">\n\t\t\t\t<div class=\"elementor-widget-container\">\n\t\t\t<style>\/*! elementor - v3.19.0 - 28-02-2024 *\/\n.elementor-heading-title{padding:0;margin:0;line-height:1}.elementor-widget-heading .elementor-heading-title[class*=elementor-size-]>a{color:inherit;font-size:inherit;line-height:inherit}.elementor-widget-heading .elementor-heading-title.elementor-size-small{font-size:15px}.elementor-widget-heading .elementor-heading-title.elementor-size-medium{font-size:19px}.elementor-widget-heading .elementor-heading-title.elementor-size-large{font-size:29px}.elementor-widget-heading .elementor-heading-title.elementor-size-xl{font-size:39px}.elementor-widget-heading .elementor-heading-title.elementor-size-xxl{font-size:59px}<\/style><h2 class=\"elementor-heading-title elementor-size-default\">Point mercato du 04 Juillet 2025<\/h2>\t\t<\/div>\n\t\t\t\t<\/div>\n\t\t\t\t\t<\/div>\n\t\t\t\t<\/div>\n\t\t<div class=\"elementor-element elementor-element-d0c4f61 e-flex e-con-boxed wpr-particle-no wpr-jarallax-no wpr-parallax-no wpr-sticky-section-no e-con e-parent\" data-id=\"d0c4f61\" data-element_type=\"container\" data-settings=\"{&quot;container_type&quot;:&quot;flex&quot;,&quot;content_width&quot;:&quot;boxed&quot;}\" data-core-v316-plus=\"true\">\n\t\t\t\t\t<div class=\"e-con-inner\">\n\t\t\t\t<div class=\"elementor-element elementor-element-9bff74f elementor-widget elementor-widget-heading\" data-id=\"9bff74f\" data-element_type=\"widget\" data-widget_type=\"heading.default\">\n\t\t\t\t<div class=\"elementor-widget-container\">\n\t\t\t<h2 class=\"elementor-heading-title elementor-size-default\">Prolongation<\/h2>\t\t<\/div>\n\t\t\t\t<\/div>\n\t\t\t\t\t<\/div>\n\t\t\t\t<\/div>\n\t\t<div class=\"elementor-element elementor-element-1c2cfd5 e-grid e-con-boxed wpr-particle-no wpr-jarallax-no wpr-parallax-no wpr-sticky-section-no e-con e-parent\" data-id=\"1c2cfd5\" data-element_type=\"container\" data-settings=\"{&quot;container_type&quot;:&quot;grid&quot;,&quot;grid_columns_grid&quot;:{&quot;unit&quot;:&quot;fr&quot;,&quot;size&quot;:&quot;2&quot;,&quot;sizes&quot;:[]},&quot;grid_rows_grid&quot;:{&quot;unit&quot;:&quot;fr&quot;,&quot;size&quot;:&quot;1&quot;,&quot;sizes&quot;:[]},&quot;grid_rows_grid_mobile&quot;:{&quot;unit&quot;:&quot;fr&quot;,&quot;size&quot;:&quot;1&quot;,&quot;sizes&quot;:[]},&quot;content_width&quot;:&quot;boxed&quot;,&quot;grid_outline&quot;:&quot;yes&quot;,&quot;grid_columns_grid_tablet&quot;:{&quot;unit&quot;:&quot;fr&quot;,&quot;size&quot;:&quot;&quot;,&quot;sizes&quot;:[]},&quot;grid_columns_grid_mobile&quot;:{&quot;unit&quot;:&quot;fr&quot;,&quot;size&quot;:1,&quot;sizes&quot;:[]},&quot;grid_rows_grid_tablet&quot;:{&quot;unit&quot;:&quot;fr&quot;,&quot;size&quot;:&quot;&quot;,&quot;sizes&quot;:[]},&quot;grid_auto_flow&quot;:&quot;row&quot;,&quot;grid_auto_flow_tablet&quot;:&quot;row&quot;,&quot;grid_auto_flow_mobile&quot;:&quot;row&quot;}\" data-core-v316-plus=\"true\">\n\t\t\t\t\t<div class=\"e-con-inner\">\n\t\t\t\t<div class=\"elementor-element elementor-element-0ced9e0 elementor-widget elementor-widget-image\" data-id=\"0ced9e0\" data-element_type=\"widget\" data-widget_type=\"image.default\">\n\t\t\t\t<div class=\"elementor-widget-container\">\n\t\t\t<style>\/*! elementor - v3.19.0 - 28-02-2024 *\/\n.elementor-widget-image{text-align:center}.elementor-widget-image a{display:inline-block}.elementor-widget-image a img[src$=\".svg\"]{width:48px}.elementor-widget-image img{vertical-align:middle;display:inline-block}<\/style>\t\t\t\t\t\t\t\t\t\t<img fetchpriority=\"high\" decoding=\"async\" width=\"1024\" height=\"1024\" src=\"https:\/\/olympiquesaumur.fr\/wp-content\/uploads\/2025\/07\/viaud-1024x1024.jpg\" class=\"attachment-large size-large wp-image-4741\" alt=\"\" srcset=\"https:\/\/olympiquesaumur.fr\/wp-content\/uploads\/2025\/07\/viaud-1024x1024.jpg 1024w, https:\/\/olympiquesaumur.fr\/wp-content\/uploads\/2025\/07\/viaud-300x300.jpg 300w, https:\/\/olympiquesaumur.fr\/wp-content\/uploads\/2025\/07\/viaud-150x150.jpg 150w, https:\/\/olympiquesaumur.fr\/wp-content\/uploads\/2025\/07\/viaud-768x768.jpg 768w, https:\/\/olympiquesaumur.fr\/wp-content\/uploads\/2025\/07\/viaud-600x600.jpg 600w, https:\/\/olympiquesaumur.fr\/wp-content\/uploads\/2025\/07\/viaud-100x100.jpg 100w, https:\/\/olympiquesaumur.fr\/wp-content\/uploads\/2025\/07\/viaud.jpg 1080w\" sizes=\"(max-width: 1024px) 100vw, 1024px\" \/>\t\t\t\t\t\t\t\t\t\t\t\t\t<\/div>\n\t\t\t\t<\/div>\n\t\t\t\t<div class=\"elementor-element elementor-element-80d1881 elementor-widget elementor-widget-text-editor\" data-id=\"80d1881\" data-element_type=\"widget\" data-widget_type=\"text-editor.default\">\n\t\t\t\t<div class=\"elementor-widget-container\">\n\t\t\t<style>\/*! elementor - v3.19.0 - 28-02-2024 *\/\n.elementor-widget-text-editor.elementor-drop-cap-view-stacked .elementor-drop-cap{background-color:#69727d;color:#fff}.elementor-widget-text-editor.elementor-drop-cap-view-framed .elementor-drop-cap{color:#69727d;border:3px solid;background-color:transparent}.elementor-widget-text-editor:not(.elementor-drop-cap-view-default) .elementor-drop-cap{margin-top:8px}.elementor-widget-text-editor:not(.elementor-drop-cap-view-default) .elementor-drop-cap-letter{width:1em;height:1em}.elementor-widget-text-editor .elementor-drop-cap{float:left;text-align:center;line-height:1;font-size:50px}.elementor-widget-text-editor .elementor-drop-cap-letter{display:inline-block}<\/style>\t\t\t\t<p><span class=\"x6zurak x18bv5gf x184q3qc xqxll94 x1s928wv xhkezso x1gmr53x x1cpjm7i x1fgarty x1943h6x x193iq5w xeuugli x13faqbe x1vvkbs x1lliihq xzsf02u xlh3980 xvmahel x1x9mg3 xo1l8bm\" dir=\"auto\">Notre num\u00e9ro 6 historique, Artur Viaud, annonce sa prolongation au sein de l\u2019Olympique de Saumur ! <br class=\"html-br\" \/><br class=\"html-br\" \/>Une vraie fiert\u00e9 de te retrouver la saison prochaine ! <\/span><\/p>\t\t\t\t\t\t<\/div>\n\t\t\t\t<\/div>\n\t\t\t\t\t<\/div>\n\t\t\t\t<\/div>\n\t\t<div class=\"elementor-element elementor-element-a02eab5 e-flex e-con-boxed wpr-particle-no wpr-jarallax-no wpr-parallax-no wpr-sticky-section-no e-con e-parent\" data-id=\"a02eab5\" data-element_type=\"container\" data-settings=\"{&quot;container_type&quot;:&quot;flex&quot;,&quot;content_width&quot;:&quot;boxed&quot;}\" data-core-v316-plus=\"true\">\n\t\t\t\t\t<div class=\"e-con-inner\">\n\t\t\t\t<div class=\"elementor-element elementor-element-4c95283 elementor-widget elementor-widget-heading\" data-id=\"4c95283\" data-element_type=\"widget\" data-widget_type=\"heading.default\">\n\t\t\t\t<div class=\"elementor-widget-container\">\n\t\t\t<h2 class=\"elementor-heading-title elementor-size-default\">Arriv\u00e9es<\/h2>\t\t<\/div>\n\t\t\t\t<\/div>\n\t\t\t\t\t<\/div>\n\t\t\t\t<\/div>\n\t\t<div class=\"elementor-element elementor-element-7eacb12 e-grid e-con-boxed wpr-particle-no wpr-jarallax-no wpr-parallax-no wpr-sticky-section-no e-con e-parent\" data-id=\"7eacb12\" data-element_type=\"container\" data-settings=\"{&quot;container_type&quot;:&quot;grid&quot;,&quot;grid_columns_grid&quot;:{&quot;unit&quot;:&quot;fr&quot;,&quot;size&quot;:&quot;2&quot;,&quot;sizes&quot;:[]},&quot;grid_rows_grid&quot;:{&quot;unit&quot;:&quot;fr&quot;,&quot;size&quot;:&quot;2&quot;,&quot;sizes&quot;:[]},&quot;grid_rows_grid_mobile&quot;:{&quot;unit&quot;:&quot;fr&quot;,&quot;size&quot;:&quot;2&quot;,&quot;sizes&quot;:[]},&quot;content_width&quot;:&quot;boxed&quot;,&quot;grid_outline&quot;:&quot;yes&quot;,&quot;grid_columns_grid_tablet&quot;:{&quot;unit&quot;:&quot;fr&quot;,&quot;size&quot;:&quot;&quot;,&quot;sizes&quot;:[]},&quot;grid_columns_grid_mobile&quot;:{&quot;unit&quot;:&quot;fr&quot;,&quot;size&quot;:1,&quot;sizes&quot;:[]},&quot;grid_rows_grid_tablet&quot;:{&quot;unit&quot;:&quot;fr&quot;,&quot;size&quot;:&quot;&quot;,&quot;sizes&quot;:[]},&quot;grid_auto_flow&quot;:&quot;row&quot;,&quot;grid_auto_flow_tablet&quot;:&quot;row&quot;,&quot;grid_auto_flow_mobile&quot;:&quot;row&quot;}\" data-core-v316-plus=\"true\">\n\t\t\t\t\t<div class=\"e-con-inner\">\n\t\t\t\t<div class=\"elementor-element elementor-element-1995b6f elementor-widget elementor-widget-image\" data-id=\"1995b6f\" data-element_type=\"widget\" data-widget_type=\"image.default\">\n\t\t\t\t<div class=\"elementor-widget-container\">\n\t\t\t\t\t\t\t\t\t\t\t\t\t<img decoding=\"async\" width=\"1024\" height=\"1024\" src=\"https:\/\/olympiquesaumur.fr\/wp-content\/uploads\/2025\/07\/pezard-1024x1024.jpg\" class=\"attachment-large size-large wp-image-4742\" alt=\"\" srcset=\"https:\/\/olympiquesaumur.fr\/wp-content\/uploads\/2025\/07\/pezard-1024x1024.jpg 1024w, https:\/\/olympiquesaumur.fr\/wp-content\/uploads\/2025\/07\/pezard-300x300.jpg 300w, https:\/\/olympiquesaumur.fr\/wp-content\/uploads\/2025\/07\/pezard-150x150.jpg 150w, https:\/\/olympiquesaumur.fr\/wp-content\/uploads\/2025\/07\/pezard-768x768.jpg 768w, https:\/\/olympiquesaumur.fr\/wp-content\/uploads\/2025\/07\/pezard-600x600.jpg 600w, https:\/\/olympiquesaumur.fr\/wp-content\/uploads\/2025\/07\/pezard-100x100.jpg 100w, https:\/\/olympiquesaumur.fr\/wp-content\/uploads\/2025\/07\/pezard.jpg 1080w\" sizes=\"(max-width: 1024px) 100vw, 1024px\" \/>\t\t\t\t\t\t\t\t\t\t\t\t\t<\/div>\n\t\t\t\t<\/div>\n\t\t\t\t<div class=\"elementor-element elementor-element-e6b8d4c elementor-widget elementor-widget-text-editor\" data-id=\"e6b8d4c\" data-element_type=\"widget\" data-widget_type=\"text-editor.default\">\n\t\t\t\t<div class=\"elementor-widget-container\">\n\t\t\t\t\t\t\t<p><span class=\"x6zurak x18bv5gf x184q3qc xqxll94 x1s928wv xhkezso x1gmr53x x1cpjm7i x1fgarty x1943h6x x193iq5w xeuugli x13faqbe x1vvkbs x1lliihq xzsf02u xlh3980 xvmahel x1x9mg3 xo1l8bm\" dir=\"auto\">Matt\u00e9o Pezard rejoint les rangs du club !<br class=\"html-br\" \/><\/span><\/p><p><span class=\"x6zurak x18bv5gf x184q3qc xqxll94 x1s928wv xhkezso x1gmr53x x1cpjm7i x1fgarty x1943h6x x193iq5w xeuugli x13faqbe x1vvkbs x1lliihq xzsf02u xlh3980 xvmahel x1x9mg3 xo1l8bm\" dir=\"auto\">\u00c2g\u00e9 de 21 ans, Matt\u00e9o est un jeune joueur polyvalent : offensif excentr\u00e9, lat\u00e9ral gauche. Il a \u00e9t\u00e9 form\u00e9 au FC Sochaux et va amener \u00e0 l\u2019Olympique de Saumur toute sa rigueur et son \u00e9tat d\u2019esprit de comp\u00e9titeur. <br class=\"html-br\" \/><br class=\"html-br\" \/>Bienvenue Matt\u00e9o ! <\/span><\/p>\t\t\t\t\t\t<\/div>\n\t\t\t\t<\/div>\n\t\t\t\t<div class=\"elementor-element elementor-element-f64bf5c elementor-widget elementor-widget-image\" data-id=\"f64bf5c\" data-element_type=\"widget\" data-widget_type=\"image.default\">\n\t\t\t\t<div class=\"elementor-widget-container\">\n\t\t\t\t\t\t\t\t\t\t\t\t\t<img decoding=\"async\" width=\"1024\" height=\"1024\" src=\"https:\/\/olympiquesaumur.fr\/wp-content\/uploads\/2025\/07\/quantin_galvez-1024x1024.jpg\" class=\"attachment-large size-large wp-image-4743\" alt=\"\" srcset=\"https:\/\/olympiquesaumur.fr\/wp-content\/uploads\/2025\/07\/quantin_galvez-1024x1024.jpg 1024w, https:\/\/olympiquesaumur.fr\/wp-content\/uploads\/2025\/07\/quantin_galvez-300x300.jpg 300w, https:\/\/olympiquesaumur.fr\/wp-content\/uploads\/2025\/07\/quantin_galvez-150x150.jpg 150w, https:\/\/olympiquesaumur.fr\/wp-content\/uploads\/2025\/07\/quantin_galvez-768x768.jpg 768w, https:\/\/olympiquesaumur.fr\/wp-content\/uploads\/2025\/07\/quantin_galvez-600x600.jpg 600w, https:\/\/olympiquesaumur.fr\/wp-content\/uploads\/2025\/07\/quantin_galvez-100x100.jpg 100w, https:\/\/olympiquesaumur.fr\/wp-content\/uploads\/2025\/07\/quantin_galvez.jpg 1080w\" sizes=\"(max-width: 1024px) 100vw, 1024px\" \/>\t\t\t\t\t\t\t\t\t\t\t\t\t<\/div>\n\t\t\t\t<\/div>\n\t\t\t\t<div class=\"elementor-element elementor-element-1a9d07b elementor-widget elementor-widget-text-editor\" data-id=\"1a9d07b\" data-element_type=\"widget\" data-widget_type=\"text-editor.default\">\n\t\t\t\t<div class=\"elementor-widget-container\">\n\t\t\t\t\t\t\t<p>L\u2019Olympique Saumur F.C. officialise l\u2019arriv\u00e9e de&nbsp;<strong>Quentin Galvez-Diarra<\/strong>&nbsp;pour la saison 2025\/2026. \u00c2g\u00e9 de 23 ans, ce&nbsp;<strong>gardien de but franco-malien<\/strong>&nbsp;(1m84) a \u00e9t\u00e9 form\u00e9 au CS Br\u00e9tigny puis au FC Sochaux-Montb\u00e9liard, o\u00f9 il a gravi les \u00e9chelons jusqu\u2019\u00e0 l\u2019\u00e9quipe r\u00e9serve.&nbsp;<\/p><p>Il a ensuite \u00e9volu\u00e9 au Pau FC avant de rejoindre Saumur. Quentin compte d\u00e9j\u00e0 plus de 60 matchs en National 3 et National 2, o\u00f9 il s\u2019est distingu\u00e9 par sa r\u00e9gularit\u00e9 et sa solidit\u00e9 sur sa ligne. Nous lui souhaitons la bienvenue et beaucoup de succ\u00e8s sous nos couleurs<\/p>\t\t\t\t\t\t<\/div>\n\t\t\t\t<\/div>\n\t\t\t\t\t<\/div>\n\t\t\t\t<\/div>\n\t\t<div class=\"elementor-element elementor-element-b1abce0 e-flex e-con-boxed wpr-particle-no wpr-jarallax-no wpr-parallax-no wpr-sticky-section-no e-con e-parent\" data-id=\"b1abce0\" data-element_type=\"container\" data-settings=\"{&quot;container_type&quot;:&quot;flex&quot;,&quot;content_width&quot;:&quot;boxed&quot;}\" data-core-v316-plus=\"true\">\n\t\t\t\t\t<div class=\"e-con-inner\">\n\t\t\t\t<div class=\"elementor-element elementor-element-a1116fa elementor-widget elementor-widget-heading\" data-id=\"a1116fa\" data-element_type=\"widget\" data-widget_type=\"heading.default\">\n\t\t\t\t<div class=\"elementor-widget-container\">\n\t\t\t<h2 class=\"elementor-heading-title elementor-size-default\">Staff & Team Gardiens<\/h2>\t\t<\/div>\n\t\t\t\t<\/div>\n\t\t\t\t\t<\/div>\n\t\t\t\t<\/div>\n\t\t<div class=\"elementor-element elementor-element-a4b060a e-grid e-con-boxed wpr-particle-no wpr-jarallax-no wpr-parallax-no wpr-sticky-section-no e-con e-parent\" data-id=\"a4b060a\" data-element_type=\"container\" data-settings=\"{&quot;container_type&quot;:&quot;grid&quot;,&quot;grid_columns_grid&quot;:{&quot;unit&quot;:&quot;fr&quot;,&quot;size&quot;:&quot;2&quot;,&quot;sizes&quot;:[]},&quot;grid_rows_grid&quot;:{&quot;unit&quot;:&quot;fr&quot;,&quot;size&quot;:&quot;2&quot;,&quot;sizes&quot;:[]},&quot;grid_rows_grid_mobile&quot;:{&quot;unit&quot;:&quot;fr&quot;,&quot;size&quot;:&quot;2&quot;,&quot;sizes&quot;:[]},&quot;content_width&quot;:&quot;boxed&quot;,&quot;grid_outline&quot;:&quot;yes&quot;,&quot;grid_columns_grid_tablet&quot;:{&quot;unit&quot;:&quot;fr&quot;,&quot;size&quot;:&quot;&quot;,&quot;sizes&quot;:[]},&quot;grid_columns_grid_mobile&quot;:{&quot;unit&quot;:&quot;fr&quot;,&quot;size&quot;:1,&quot;sizes&quot;:[]},&quot;grid_rows_grid_tablet&quot;:{&quot;unit&quot;:&quot;fr&quot;,&quot;size&quot;:&quot;&quot;,&quot;sizes&quot;:[]},&quot;grid_auto_flow&quot;:&quot;row&quot;,&quot;grid_auto_flow_tablet&quot;:&quot;row&quot;,&quot;grid_auto_flow_mobile&quot;:&quot;row&quot;}\" data-core-v316-plus=\"true\">\n\t\t\t\t\t<div class=\"e-con-inner\">\n\t\t\t\t<div class=\"elementor-element elementor-element-f834dbe elementor-widget elementor-widget-image\" data-id=\"f834dbe\" data-element_type=\"widget\" data-widget_type=\"image.default\">\n\t\t\t\t<div class=\"elementor-widget-container\">\n\t\t\t\t\t\t\t\t\t\t\t\t\t<img loading=\"lazy\" decoding=\"async\" width=\"1024\" height=\"1024\" src=\"https:\/\/olympiquesaumur.fr\/wp-content\/uploads\/2025\/07\/staff_seniors_M-1024x1024.jpg\" class=\"attachment-large size-large wp-image-4745\" alt=\"\" srcset=\"https:\/\/olympiquesaumur.fr\/wp-content\/uploads\/2025\/07\/staff_seniors_M-1024x1024.jpg 1024w, https:\/\/olympiquesaumur.fr\/wp-content\/uploads\/2025\/07\/staff_seniors_M-300x300.jpg 300w, https:\/\/olympiquesaumur.fr\/wp-content\/uploads\/2025\/07\/staff_seniors_M-150x150.jpg 150w, https:\/\/olympiquesaumur.fr\/wp-content\/uploads\/2025\/07\/staff_seniors_M-768x768.jpg 768w, https:\/\/olympiquesaumur.fr\/wp-content\/uploads\/2025\/07\/staff_seniors_M-600x600.jpg 600w, https:\/\/olympiquesaumur.fr\/wp-content\/uploads\/2025\/07\/staff_seniors_M-100x100.jpg 100w, https:\/\/olympiquesaumur.fr\/wp-content\/uploads\/2025\/07\/staff_seniors_M.jpg 1080w\" sizes=\"(max-width: 1024px) 100vw, 1024px\" \/>\t\t\t\t\t\t\t\t\t\t\t\t\t<\/div>\n\t\t\t\t<\/div>\n\t\t\t\t<div class=\"elementor-element elementor-element-5a93fc0 elementor-widget elementor-widget-image\" data-id=\"5a93fc0\" data-element_type=\"widget\" data-widget_type=\"image.default\">\n\t\t\t\t<div class=\"elementor-widget-container\">\n\t\t\t\t\t\t\t\t\t\t\t\t\t<img loading=\"lazy\" decoding=\"async\" width=\"1024\" height=\"1024\" src=\"https:\/\/olympiquesaumur.fr\/wp-content\/uploads\/2025\/07\/formation-_M-1024x1024.jpg\" class=\"attachment-large size-large wp-image-4747\" alt=\"\" srcset=\"https:\/\/olympiquesaumur.fr\/wp-content\/uploads\/2025\/07\/formation-_M-1024x1024.jpg 1024w, https:\/\/olympiquesaumur.fr\/wp-content\/uploads\/2025\/07\/formation-_M-300x300.jpg 300w, https:\/\/olympiquesaumur.fr\/wp-content\/uploads\/2025\/07\/formation-_M-150x150.jpg 150w, https:\/\/olympiquesaumur.fr\/wp-content\/uploads\/2025\/07\/formation-_M-768x768.jpg 768w, https:\/\/olympiquesaumur.fr\/wp-content\/uploads\/2025\/07\/formation-_M-600x600.jpg 600w, https:\/\/olympiquesaumur.fr\/wp-content\/uploads\/2025\/07\/formation-_M-100x100.jpg 100w, https:\/\/olympiquesaumur.fr\/wp-content\/uploads\/2025\/07\/formation-_M.jpg 1080w\" sizes=\"(max-width: 1024px) 100vw, 1024px\" \/>\t\t\t\t\t\t\t\t\t\t\t\t\t<\/div>\n\t\t\t\t<\/div>\n\t\t\t\t<div class=\"elementor-element elementor-element-a0e8cb9 elementor-widget elementor-widget-image\" data-id=\"a0e8cb9\" data-element_type=\"widget\" data-widget_type=\"image.default\">\n\t\t\t\t<div class=\"elementor-widget-container\">\n\t\t\t\t\t\t\t\t\t\t\t\t\t<img loading=\"lazy\" decoding=\"async\" width=\"1024\" height=\"1024\" src=\"https:\/\/olympiquesaumur.fr\/wp-content\/uploads\/2025\/07\/feminines-1024x1024.jpg\" class=\"attachment-large size-large wp-image-4748\" alt=\"\" srcset=\"https:\/\/olympiquesaumur.fr\/wp-content\/uploads\/2025\/07\/feminines-1024x1024.jpg 1024w, https:\/\/olympiquesaumur.fr\/wp-content\/uploads\/2025\/07\/feminines-300x300.jpg 300w, https:\/\/olympiquesaumur.fr\/wp-content\/uploads\/2025\/07\/feminines-150x150.jpg 150w, https:\/\/olympiquesaumur.fr\/wp-content\/uploads\/2025\/07\/feminines-768x768.jpg 768w, https:\/\/olympiquesaumur.fr\/wp-content\/uploads\/2025\/07\/feminines-600x600.jpg 600w, https:\/\/olympiquesaumur.fr\/wp-content\/uploads\/2025\/07\/feminines-100x100.jpg 100w, https:\/\/olympiquesaumur.fr\/wp-content\/uploads\/2025\/07\/feminines.jpg 1080w\" sizes=\"(max-width: 1024px) 100vw, 1024px\" \/>\t\t\t\t\t\t\t\t\t\t\t\t\t<\/div>\n\t\t\t\t<\/div>\n\t\t\t\t<div class=\"elementor-element elementor-element-85bc6d1 elementor-widget elementor-widget-image\" data-id=\"85bc6d1\" data-element_type=\"widget\" data-widget_type=\"image.default\">\n\t\t\t\t<div class=\"elementor-widget-container\">\n\t\t\t\t\t\t\t\t\t\t\t\t\t<img loading=\"lazy\" decoding=\"async\" width=\"1024\" height=\"1024\" src=\"https:\/\/olympiquesaumur.fr\/wp-content\/uploads\/2025\/07\/team_gardiens-1024x1024.jpg\" class=\"attachment-large size-large wp-image-4746\" alt=\"\" srcset=\"https:\/\/olympiquesaumur.fr\/wp-content\/uploads\/2025\/07\/team_gardiens-1024x1024.jpg 1024w, https:\/\/olympiquesaumur.fr\/wp-content\/uploads\/2025\/07\/team_gardiens-300x300.jpg 300w, https:\/\/olympiquesaumur.fr\/wp-content\/uploads\/2025\/07\/team_gardiens-150x150.jpg 150w, https:\/\/olympiquesaumur.fr\/wp-content\/uploads\/2025\/07\/team_gardiens-768x768.jpg 768w, https:\/\/olympiquesaumur.fr\/wp-content\/uploads\/2025\/07\/team_gardiens-600x600.jpg 600w, https:\/\/olympiquesaumur.fr\/wp-content\/uploads\/2025\/07\/team_gardiens-100x100.jpg 100w, https:\/\/olympiquesaumur.fr\/wp-content\/uploads\/2025\/07\/team_gardiens.jpg 1080w\" sizes=\"(max-width: 1024px) 100vw, 1024px\" \/>\t\t\t\t\t\t\t\t\t\t\t\t\t<\/div>\n\t\t\t\t<\/div>\n\t\t\t\t\t<\/div>\n\t\t\t\t<\/div>\n\t\t<div class=\"elementor-element elementor-element-092a844 e-flex e-con-boxed wpr-particle-no wpr-jarallax-no wpr-parallax-no wpr-sticky-section-no e-con e-parent\" data-id=\"092a844\" data-element_type=\"container\" data-settings=\"{&quot;container_type&quot;:&quot;flex&quot;,&quot;content_width&quot;:&quot;boxed&quot;}\" data-core-v316-plus=\"true\">\n\t\t\t\t\t<div class=\"e-con-inner\">\n\t\t\t\t<div class=\"elementor-element elementor-element-ac8605c elementor-widget elementor-widget-heading\" data-id=\"ac8605c\" data-element_type=\"widget\" data-widget_type=\"heading.default\">\n\t\t\t\t<div class=\"elementor-widget-container\">\n\t\t\t<h2 class=\"elementor-heading-title elementor-size-default\">D\u00e9part<\/h2>\t\t<\/div>\n\t\t\t\t<\/div>\n\t\t\t\t\t<\/div>\n\t\t\t\t<\/div>\n\t\t<div class=\"elementor-element elementor-element-482c358 e-grid e-con-boxed wpr-particle-no wpr-jarallax-no wpr-parallax-no wpr-sticky-section-no e-con e-parent\" data-id=\"482c358\" data-element_type=\"container\" data-settings=\"{&quot;container_type&quot;:&quot;grid&quot;,&quot;grid_columns_grid&quot;:{&quot;unit&quot;:&quot;fr&quot;,&quot;size&quot;:&quot;2&quot;,&quot;sizes&quot;:[]},&quot;grid_rows_grid&quot;:{&quot;unit&quot;:&quot;fr&quot;,&quot;size&quot;:&quot;1&quot;,&quot;sizes&quot;:[]},&quot;grid_rows_grid_mobile&quot;:{&quot;unit&quot;:&quot;fr&quot;,&quot;size&quot;:&quot;1&quot;,&quot;sizes&quot;:[]},&quot;content_width&quot;:&quot;boxed&quot;,&quot;grid_outline&quot;:&quot;yes&quot;,&quot;grid_columns_grid_tablet&quot;:{&quot;unit&quot;:&quot;fr&quot;,&quot;size&quot;:&quot;&quot;,&quot;sizes&quot;:[]},&quot;grid_columns_grid_mobile&quot;:{&quot;unit&quot;:&quot;fr&quot;,&quot;size&quot;:1,&quot;sizes&quot;:[]},&quot;grid_rows_grid_tablet&quot;:{&quot;unit&quot;:&quot;fr&quot;,&quot;size&quot;:&quot;&quot;,&quot;sizes&quot;:[]},&quot;grid_auto_flow&quot;:&quot;row&quot;,&quot;grid_auto_flow_tablet&quot;:&quot;row&quot;,&quot;grid_auto_flow_mobile&quot;:&quot;row&quot;}\" data-core-v316-plus=\"true\">\n\t\t\t\t\t<div class=\"e-con-inner\">\n\t\t\t\t<div class=\"elementor-element elementor-element-9939791 elementor-widget elementor-widget-image\" data-id=\"9939791\" data-element_type=\"widget\" data-widget_type=\"image.default\">\n\t\t\t\t<div class=\"elementor-widget-container\">\n\t\t\t\t\t\t\t\t\t\t\t\t\t<img loading=\"lazy\" decoding=\"async\" width=\"1024\" height=\"1024\" src=\"https:\/\/olympiquesaumur.fr\/wp-content\/uploads\/2025\/07\/depart_hugo-1024x1024.jpg\" class=\"attachment-large size-large wp-image-4749\" alt=\"\" srcset=\"https:\/\/olympiquesaumur.fr\/wp-content\/uploads\/2025\/07\/depart_hugo-1024x1024.jpg 1024w, https:\/\/olympiquesaumur.fr\/wp-content\/uploads\/2025\/07\/depart_hugo-300x300.jpg 300w, https:\/\/olympiquesaumur.fr\/wp-content\/uploads\/2025\/07\/depart_hugo-150x150.jpg 150w, https:\/\/olympiquesaumur.fr\/wp-content\/uploads\/2025\/07\/depart_hugo-768x768.jpg 768w, https:\/\/olympiquesaumur.fr\/wp-content\/uploads\/2025\/07\/depart_hugo-600x600.jpg 600w, https:\/\/olympiquesaumur.fr\/wp-content\/uploads\/2025\/07\/depart_hugo-100x100.jpg 100w, https:\/\/olympiquesaumur.fr\/wp-content\/uploads\/2025\/07\/depart_hugo.jpg 1080w\" sizes=\"(max-width: 1024px) 100vw, 1024px\" \/>\t\t\t\t\t\t\t\t\t\t\t\t\t<\/div>\n\t\t\t\t<\/div>\n\t\t\t\t<div class=\"elementor-element elementor-element-3d172e7 elementor-widget elementor-widget-text-editor\" data-id=\"3d172e7\" data-element_type=\"widget\" data-widget_type=\"text-editor.default\">\n\t\t\t\t<div class=\"elementor-widget-container\">\n\t\t\t\t\t\t\t<div class=\"x14z9mp xat24cr x1lziwak x1vvkbs xtlvy1s x126k92a\">\n<div dir=\"auto\">Le club annonce le d\u00e9part de Hugo COINTARD, qui rejoint l\u2019US Cr\u00e9teil-Lusitanos pour la saison \u00e0 venir.<\/div>\n<\/div>\n<div class=\"x14z9mp xat24cr x1lziwak x1vvkbs xtlvy1s x126k92a\">\n<div dir=\"auto\">Gardien de but au calme rassurant et au professionnalisme irr\u00e9prochable, Hugo a toujours r\u00e9pondu pr\u00e9sent dans les moments d\u00e9cisifs.<\/div>\n<div dir=\"auto\">Merci pour ton engagement, ton s\u00e9rieux et ton esprit d\u2019\u00e9quipe. Tu laisses une empreinte durable dans le vestiaire comme sur le terrain.<\/div>\n<\/div>\n<div class=\"x14z9mp xat24cr x1lziwak x1vvkbs xtlvy1s x126k92a\">\n<div dir=\"auto\">Bonne route Hugo, et plein de r\u00e9ussite pour la suite !<\/div>\n<\/div>\t\t\t\t\t\t<\/div>\n\t\t\t\t<\/div>\n\t\t\t\t\t<\/div>\n\t\t\t\t<\/div>\n\t\t\t\t<\/div>\n\t\t","protected":false},"excerpt":{"rendered":"<p>Point mercato du 04 Juillet 2025 Prolongation Notre num\u00e9ro 6 historique, Artur Viaud, annonce sa prolongation au sein de l\u2019Olympique de Saumur ! Une vraie fiert\u00e9 de te retrouver la saison prochaine ! Arriv\u00e9es Matt\u00e9o Pezard rejoint les rangs du club ! \u00c2g\u00e9 de 21 ans, Matt\u00e9o est un jeune joueur polyvalent : offensif excentr\u00e9,&#8230;<\/p>\n","protected":false},"author":1,"featured_media":4734,"comment_status":"closed","ping_status":"closed","sticky":false,"template":"","format":"standard","meta":{"om_disable_all_campaigns":false,"_monsterinsights_skip_tracking":false,"_monsterinsights_sitenote_active":false,"_monsterinsights_sitenote_note":"","_monsterinsights_sitenote_category":0,"_kadence_starter_templates_imported_post":false,"_kad_post_transparent":"","_kad_post_title":"","_kad_post_layout":"","_kad_post_sidebar_id":"","_kad_post_content_style":"","_kad_post_vertical_padding":"","_kad_post_feature":"","_kad_post_feature_position":"","_kad_post_header":false,"_kad_post_footer":false,"footnotes":""},"categories":[8],"tags":[],"class_list":["post-4739","post","type-post","status-publish","format-standard","has-post-thumbnail","hentry","category-actualites"],"yoast_head":"<!-- This site is optimized with the Yoast SEO plugin v22.2 - https:\/\/yoast.com\/wordpress\/plugins\/seo\/ -->\n<title>Point mercato du 04 Juillet 2025 - Olympique Saumur<\/title>\n<meta name=\"robots\" content=\"index, follow, max-snippet:-1, max-image-preview:large, max-video-preview:-1\" \/>\n<link rel=\"canonical\" href=\"https:\/\/olympiquesaumur.fr\/index.php\/2025\/07\/04\/point-mercato-du-04-juillet-2025\/\" \/>\n<meta property=\"og:locale\" content=\"fr_FR\" \/>\n<meta property=\"og:type\" content=\"article\" \/>\n<meta property=\"og:title\" content=\"Point mercato du 04 Juillet 2025 - Olympique Saumur\" \/>\n<meta property=\"og:description\" content=\"Point mercato du 04 Juillet 2025 Prolongation Notre num\u00e9ro 6 historique, Artur Viaud, annonce sa prolongation au sein de l\u2019Olympique de Saumur ! Une vraie fiert\u00e9 de te retrouver la saison prochaine ! Arriv\u00e9es Matt\u00e9o Pezard rejoint les rangs du club ! \u00c2g\u00e9 de 21 ans, Matt\u00e9o est un jeune joueur polyvalent : offensif excentr\u00e9,...\" \/>\n<meta property=\"og:url\" content=\"https:\/\/olympiquesaumur.fr\/index.php\/2025\/07\/04\/point-mercato-du-04-juillet-2025\/\" \/>\n<meta property=\"og:site_name\" content=\"Olympique Saumur\" \/>\n<meta property=\"article:published_time\" content=\"2025-07-04T12:27:01+00:00\" \/>\n<meta property=\"article:modified_time\" content=\"2025-07-04T12:45:09+00:00\" \/>\n<meta property=\"og:image\" content=\"https:\/\/olympiquesaumur.fr\/wp-content\/uploads\/2025\/06\/MERCATO.png\" \/>\n\t<meta property=\"og:image:width\" content=\"1200\" \/>\n\t<meta property=\"og:image:height\" content=\"600\" \/>\n\t<meta property=\"og:image:type\" content=\"image\/png\" \/>\n<meta name=\"author\" content=\"adminOSFC\" \/>\n<meta name=\"twitter:card\" content=\"summary_large_image\" \/>\n<meta name=\"twitter:label1\" content=\"\u00c9crit par\" \/>\n\t<meta name=\"twitter:data1\" content=\"adminOSFC\" \/>\n\t<meta name=\"twitter:label2\" content=\"Dur\u00e9e de lecture estim\u00e9e\" \/>\n\t<meta name=\"twitter:data2\" content=\"3 minutes\" \/>\n<script type=\"application\/ld+json\" class=\"yoast-schema-graph\">{\"@context\":\"https:\/\/schema.org\",\"@graph\":[{\"@type\":\"Article\",\"@id\":\"https:\/\/olympiquesaumur.fr\/index.php\/2025\/07\/04\/point-mercato-du-04-juillet-2025\/#article\",\"isPartOf\":{\"@id\":\"https:\/\/olympiquesaumur.fr\/index.php\/2025\/07\/04\/point-mercato-du-04-juillet-2025\/\"},\"author\":{\"name\":\"adminOSFC\",\"@id\":\"https:\/\/olympiquesaumur.fr\/#\/schema\/person\/cd78a7d38d53f8ace85eec1cebdec543\"},\"headline\":\"Point mercato du 04 Juillet 2025\",\"datePublished\":\"2025-07-04T12:27:01+00:00\",\"dateModified\":\"2025-07-04T12:45:09+00:00\",\"mainEntityOfPage\":{\"@id\":\"https:\/\/olympiquesaumur.fr\/index.php\/2025\/07\/04\/point-mercato-du-04-juillet-2025\/\"},\"wordCount\":271,\"publisher\":{\"@id\":\"https:\/\/olympiquesaumur.fr\/#organization\"},\"image\":{\"@id\":\"https:\/\/olympiquesaumur.fr\/index.php\/2025\/07\/04\/point-mercato-du-04-juillet-2025\/#primaryimage\"},\"thumbnailUrl\":\"https:\/\/olympiquesaumur.fr\/wp-content\/uploads\/2025\/06\/MERCATO.png\",\"articleSection\":[\"Actualit\u00e9s\"],\"inLanguage\":\"fr-FR\"},{\"@type\":\"WebPage\",\"@id\":\"https:\/\/olympiquesaumur.fr\/index.php\/2025\/07\/04\/point-mercato-du-04-juillet-2025\/\",\"url\":\"https:\/\/olympiquesaumur.fr\/index.php\/2025\/07\/04\/point-mercato-du-04-juillet-2025\/\",\"name\":\"Point mercato du 04 Juillet 2025 - Olympique Saumur\",\"isPartOf\":{\"@id\":\"https:\/\/olympiquesaumur.fr\/#website\"},\"primaryImageOfPage\":{\"@id\":\"https:\/\/olympiquesaumur.fr\/index.php\/2025\/07\/04\/point-mercato-du-04-juillet-2025\/#primaryimage\"},\"image\":{\"@id\":\"https:\/\/olympiquesaumur.fr\/index.php\/2025\/07\/04\/point-mercato-du-04-juillet-2025\/#primaryimage\"},\"thumbnailUrl\":\"https:\/\/olympiquesaumur.fr\/wp-content\/uploads\/2025\/06\/MERCATO.png\",\"datePublished\":\"2025-07-04T12:27:01+00:00\",\"dateModified\":\"2025-07-04T12:45:09+00:00\",\"breadcrumb\":{\"@id\":\"https:\/\/olympiquesaumur.fr\/index.php\/2025\/07\/04\/point-mercato-du-04-juillet-2025\/#breadcrumb\"},\"inLanguage\":\"fr-FR\",\"potentialAction\":[{\"@type\":\"ReadAction\",\"target\":[\"https:\/\/olympiquesaumur.fr\/index.php\/2025\/07\/04\/point-mercato-du-04-juillet-2025\/\"]}]},{\"@type\":\"ImageObject\",\"inLanguage\":\"fr-FR\",\"@id\":\"https:\/\/olympiquesaumur.fr\/index.php\/2025\/07\/04\/point-mercato-du-04-juillet-2025\/#primaryimage\",\"url\":\"https:\/\/olympiquesaumur.fr\/wp-content\/uploads\/2025\/06\/MERCATO.png\",\"contentUrl\":\"https:\/\/olympiquesaumur.fr\/wp-content\/uploads\/2025\/06\/MERCATO.png\",\"width\":1200,\"height\":600},{\"@type\":\"BreadcrumbList\",\"@id\":\"https:\/\/olympiquesaumur.fr\/index.php\/2025\/07\/04\/point-mercato-du-04-juillet-2025\/#breadcrumb\",\"itemListElement\":[{\"@type\":\"ListItem\",\"position\":1,\"name\":\"Accueil\",\"item\":\"https:\/\/olympiquesaumur.fr\/\"},{\"@type\":\"ListItem\",\"position\":2,\"name\":\"Point mercato du 04 Juillet 2025\"}]},{\"@type\":\"WebSite\",\"@id\":\"https:\/\/olympiquesaumur.fr\/#website\",\"url\":\"https:\/\/olympiquesaumur.fr\/\",\"name\":\"Olympique Saumur Football Club\",\"description\":\"#PARCEQUESAUMUR\",\"publisher\":{\"@id\":\"https:\/\/olympiquesaumur.fr\/#organization\"},\"alternateName\":\"OSFC\",\"potentialAction\":[{\"@type\":\"SearchAction\",\"target\":{\"@type\":\"EntryPoint\",\"urlTemplate\":\"https:\/\/olympiquesaumur.fr\/?s={search_term_string}\"},\"query-input\":\"required name=search_term_string\"}],\"inLanguage\":\"fr-FR\"},{\"@type\":\"Organization\",\"@id\":\"https:\/\/olympiquesaumur.fr\/#organization\",\"name\":\"Olympique Saumur Football Club\",\"alternateName\":\"OSFC\",\"url\":\"https:\/\/olympiquesaumur.fr\/\",\"logo\":{\"@type\":\"ImageObject\",\"inLanguage\":\"fr-FR\",\"@id\":\"https:\/\/olympiquesaumur.fr\/#\/schema\/logo\/image\/\",\"url\":\"https:\/\/olympiquesaumur.fr\/wp-content\/uploads\/2024\/03\/Logo_Olympique_Saumur.svg_.png\",\"contentUrl\":\"https:\/\/olympiquesaumur.fr\/wp-content\/uploads\/2024\/03\/Logo_Olympique_Saumur.svg_.png\",\"width\":1200,\"height\":1437,\"caption\":\"Olympique Saumur Football Club\"},\"image\":{\"@id\":\"https:\/\/olympiquesaumur.fr\/#\/schema\/logo\/image\/\"}},{\"@type\":\"Person\",\"@id\":\"https:\/\/olympiquesaumur.fr\/#\/schema\/person\/cd78a7d38d53f8ace85eec1cebdec543\",\"name\":\"adminOSFC\",\"sameAs\":[\"http:\/\/lxkduhl.cluster030.hosting.ovh.net\"]}]}<\/script>\n<!-- \/ Yoast SEO plugin. -->","yoast_head_json":{"title":"Point mercato du 04 Juillet 2025 - Olympique Saumur","robots":{"index":"index","follow":"follow","max-snippet":"max-snippet:-1","max-image-preview":"max-image-preview:large","max-video-preview":"max-video-preview:-1"},"canonical":"https:\/\/olympiquesaumur.fr\/index.php\/2025\/07\/04\/point-mercato-du-04-juillet-2025\/","og_locale":"fr_FR","og_type":"article","og_title":"Point mercato du 04 Juillet 2025 - Olympique Saumur","og_description":"Point mercato du 04 Juillet 2025 Prolongation Notre num\u00e9ro 6 historique, Artur Viaud, annonce sa prolongation au sein de l\u2019Olympique de Saumur ! Une vraie fiert\u00e9 de te retrouver la saison prochaine ! Arriv\u00e9es Matt\u00e9o Pezard rejoint les rangs du club ! \u00c2g\u00e9 de 21 ans, Matt\u00e9o est un jeune joueur polyvalent : offensif excentr\u00e9,...","og_url":"https:\/\/olympiquesaumur.fr\/index.php\/2025\/07\/04\/point-mercato-du-04-juillet-2025\/","og_site_name":"Olympique Saumur","article_published_time":"2025-07-04T12:27:01+00:00","article_modified_time":"2025-07-04T12:45:09+00:00","og_image":[{"width":1200,"height":600,"url":"https:\/\/olympiquesaumur.fr\/wp-content\/uploads\/2025\/06\/MERCATO.png","type":"image\/png"}],"author":"adminOSFC","twitter_card":"summary_large_image","twitter_misc":{"\u00c9crit par":"adminOSFC","Dur\u00e9e de lecture estim\u00e9e":"3 minutes"},"schema":{"@context":"https:\/\/schema.org","@graph":[{"@type":"Article","@id":"https:\/\/olympiquesaumur.fr\/index.php\/2025\/07\/04\/point-mercato-du-04-juillet-2025\/#article","isPartOf":{"@id":"https:\/\/olympiquesaumur.fr\/index.php\/2025\/07\/04\/point-mercato-du-04-juillet-2025\/"},"author":{"name":"adminOSFC","@id":"https:\/\/olympiquesaumur.fr\/#\/schema\/person\/cd78a7d38d53f8ace85eec1cebdec543"},"headline":"Point mercato du 04 Juillet 2025","datePublished":"2025-07-04T12:27:01+00:00","dateModified":"2025-07-04T12:45:09+00:00","mainEntityOfPage":{"@id":"https:\/\/olympiquesaumur.fr\/index.php\/2025\/07\/04\/point-mercato-du-04-juillet-2025\/"},"wordCount":271,"publisher":{"@id":"https:\/\/olympiquesaumur.fr\/#organization"},"image":{"@id":"https:\/\/olympiquesaumur.fr\/index.php\/2025\/07\/04\/point-mercato-du-04-juillet-2025\/#primaryimage"},"thumbnailUrl":"https:\/\/olympiquesaumur.fr\/wp-content\/uploads\/2025\/06\/MERCATO.png","articleSection":["Actualit\u00e9s"],"inLanguage":"fr-FR"},{"@type":"WebPage","@id":"https:\/\/olympiquesaumur.fr\/index.php\/2025\/07\/04\/point-mercato-du-04-juillet-2025\/","url":"https:\/\/olympiquesaumur.fr\/index.php\/2025\/07\/04\/point-mercato-du-04-juillet-2025\/","name":"Point mercato du 04 Juillet 2025 - Olympique Saumur","isPartOf":{"@id":"https:\/\/olympiquesaumur.fr\/#website"},"primaryImageOfPage":{"@id":"https:\/\/olympiquesaumur.fr\/index.php\/2025\/07\/04\/point-mercato-du-04-juillet-2025\/#primaryimage"},"image":{"@id":"https:\/\/olympiquesaumur.fr\/index.php\/2025\/07\/04\/point-mercato-du-04-juillet-2025\/#primaryimage"},"thumbnailUrl":"https:\/\/olympiquesaumur.fr\/wp-content\/uploads\/2025\/06\/MERCATO.png","datePublished":"2025-07-04T12:27:01+00:00","dateModified":"2025-07-04T12:45:09+00:00","breadcrumb":{"@id":"https:\/\/olympiquesaumur.fr\/index.php\/2025\/07\/04\/point-mercato-du-04-juillet-2025\/#breadcrumb"},"inLanguage":"fr-FR","potentialAction":[{"@type":"ReadAction","target":["https:\/\/olympiquesaumur.fr\/index.php\/2025\/07\/04\/point-mercato-du-04-juillet-2025\/"]}]},{"@type":"ImageObject","inLanguage":"fr-FR","@id":"https:\/\/olympiquesaumur.fr\/index.php\/2025\/07\/04\/point-mercato-du-04-juillet-2025\/#primaryimage","url":"https:\/\/olympiquesaumur.fr\/wp-content\/uploads\/2025\/06\/MERCATO.png","contentUrl":"https:\/\/olympiquesaumur.fr\/wp-content\/uploads\/2025\/06\/MERCATO.png","width":1200,"height":600},{"@type":"BreadcrumbList","@id":"https:\/\/olympiquesaumur.fr\/index.php\/2025\/07\/04\/point-mercato-du-04-juillet-2025\/#breadcrumb","itemListElement":[{"@type":"ListItem","position":1,"name":"Accueil","item":"https:\/\/olympiquesaumur.fr\/"},{"@type":"ListItem","position":2,"name":"Point mercato du 04 Juillet 2025"}]},{"@type":"WebSite","@id":"https:\/\/olympiquesaumur.fr\/#website","url":"https:\/\/olympiquesaumur.fr\/","name":"Olympique Saumur Football Club","description":"#PARCEQUESAUMUR","publisher":{"@id":"https:\/\/olympiquesaumur.fr\/#organization"},"alternateName":"OSFC","potentialAction":[{"@type":"SearchAction","target":{"@type":"EntryPoint","urlTemplate":"https:\/\/olympiquesaumur.fr\/?s={search_term_string}"},"query-input":"required name=search_term_string"}],"inLanguage":"fr-FR"},{"@type":"Organization","@id":"https:\/\/olympiquesaumur.fr\/#organization","name":"Olympique Saumur Football Club","alternateName":"OSFC","url":"https:\/\/olympiquesaumur.fr\/","logo":{"@type":"ImageObject","inLanguage":"fr-FR","@id":"https:\/\/olympiquesaumur.fr\/#\/schema\/logo\/image\/","url":"https:\/\/olympiquesaumur.fr\/wp-content\/uploads\/2024\/03\/Logo_Olympique_Saumur.svg_.png","contentUrl":"https:\/\/olympiquesaumur.fr\/wp-content\/uploads\/2024\/03\/Logo_Olympique_Saumur.svg_.png","width":1200,"height":1437,"caption":"Olympique Saumur Football Club"},"image":{"@id":"https:\/\/olympiquesaumur.fr\/#\/schema\/logo\/image\/"}},{"@type":"Person","@id":"https:\/\/olympiquesaumur.fr\/#\/schema\/person\/cd78a7d38d53f8ace85eec1cebdec543","name":"adminOSFC","sameAs":["http:\/\/lxkduhl.cluster030.hosting.ovh.net"]}]}},"_links":{"self":[{"href":"https:\/\/olympiquesaumur.fr\/index.php\/wp-json\/wp\/v2\/posts\/4739","targetHints":{"allow":["GET"]}}],"collection":[{"href":"https:\/\/olympiquesaumur.fr\/index.php\/wp-json\/wp\/v2\/posts"}],"about":[{"href":"https:\/\/olympiquesaumur.fr\/index.php\/wp-json\/wp\/v2\/types\/post"}],"author":[{"embeddable":true,"href":"https:\/\/olympiquesaumur.fr\/index.php\/wp-json\/wp\/v2\/users\/1"}],"replies":[{"embeddable":true,"href":"https:\/\/olympiquesaumur.fr\/index.php\/wp-json\/wp\/v2\/comments?post=4739"}],"version-history":[{"count":4,"href":"https:\/\/olympiquesaumur.fr\/index.php\/wp-json\/wp\/v2\/posts\/4739\/revisions"}],"predecessor-version":[{"id":4752,"href":"https:\/\/olympiquesaumur.fr\/index.php\/wp-json\/wp\/v2\/posts\/4739\/revisions\/4752"}],"wp:featuredmedia":[{"embeddable":true,"href":"https:\/\/olympiquesaumur.fr\/index.php\/wp-json\/wp\/v2\/media\/4734"}],"wp:attachment":[{"href":"https:\/\/olympiquesaumur.fr\/index.php\/wp-json\/wp\/v2\/media?parent=4739"}],"wp:term":[{"taxonomy":"category","embeddable":true,"href":"https:\/\/olympiquesaumur.fr\/index.php\/wp-json\/wp\/v2\/categories?post=4739"},{"taxonomy":"post_tag","embeddable":true,"href":"https:\/\/olympiquesaumur.fr\/index.php\/wp-json\/wp\/v2\/tags?post=4739"}],"curies":[{"name":"wp","href":"https:\/\/api.w.org\/{rel}","templated":true}]}}