{"id":4015,"date":"2025-03-05T09:22:54","date_gmt":"2025-03-05T08:22:54","guid":{"rendered":"https:\/\/olympiquesaumur.fr\/?p=4015"},"modified":"2025-03-05T09:23:48","modified_gmt":"2025-03-05T08:23:48","slug":"a-la-rencontre-de-artur-viaud","status":"publish","type":"post","link":"https:\/\/olympiquesaumur.fr\/index.php\/2025\/03\/05\/a-la-rencontre-de-artur-viaud\/","title":{"rendered":"\u00c0 la rencontre de\u2026 Artur VIAUD"},"content":{"rendered":"\t\t<div data-elementor-type=\"wp-post\" data-elementor-id=\"4015\" class=\"elementor elementor-4015\">\n\t\t\t\t<div class=\"elementor-element elementor-element-22a0201 e-flex e-con-boxed wpr-particle-no wpr-jarallax-no wpr-parallax-no wpr-sticky-section-no e-con e-parent\" data-id=\"22a0201\" data-element_type=\"container\" data-settings=\"{&quot;container_type&quot;:&quot;flex&quot;,&quot;content_width&quot;:&quot;boxed&quot;}\" data-core-v316-plus=\"true\">\n\t\t\t\t\t<div class=\"e-con-inner\">\n\t\t\t\t<div class=\"elementor-element elementor-element-5836723 elementor-widget elementor-widget-heading\" data-id=\"5836723\" data-element_type=\"widget\" data-widget_type=\"heading.default\">\n\t\t\t\t<div class=\"elementor-widget-container\">\n\t\t\t<style>\/*! elementor - v3.19.0 - 28-02-2024 *\/\n.elementor-heading-title{padding:0;margin:0;line-height:1}.elementor-widget-heading .elementor-heading-title[class*=elementor-size-]>a{color:inherit;font-size:inherit;line-height:inherit}.elementor-widget-heading .elementor-heading-title.elementor-size-small{font-size:15px}.elementor-widget-heading .elementor-heading-title.elementor-size-medium{font-size:19px}.elementor-widget-heading .elementor-heading-title.elementor-size-large{font-size:29px}.elementor-widget-heading .elementor-heading-title.elementor-size-xl{font-size:39px}.elementor-widget-heading .elementor-heading-title.elementor-size-xxl{font-size:59px}<\/style><h2 class=\"elementor-heading-title elementor-size-default\">\u00c0 la rencontre de\u2026 Artur VIAUD<\/h2>\t\t<\/div>\n\t\t\t\t<\/div>\n\t\t\t\t\t<\/div>\n\t\t\t\t<\/div>\n\t\t<div class=\"elementor-element elementor-element-d60b6c9 e-flex e-con-boxed wpr-particle-no wpr-jarallax-no wpr-parallax-no wpr-sticky-section-no e-con e-parent\" data-id=\"d60b6c9\" data-element_type=\"container\" data-settings=\"{&quot;container_type&quot;:&quot;flex&quot;,&quot;content_width&quot;:&quot;boxed&quot;}\" data-core-v316-plus=\"true\">\n\t\t\t\t\t<div class=\"e-con-inner\">\n\t\t\t\t<div class=\"elementor-element elementor-element-1a608f1 elementor-widget elementor-widget-text-editor\" data-id=\"1a608f1\" data-element_type=\"widget\" data-widget_type=\"text-editor.default\">\n\t\t\t\t<div class=\"elementor-widget-container\">\n\t\t\t<style>\/*! elementor - v3.19.0 - 28-02-2024 *\/\n.elementor-widget-text-editor.elementor-drop-cap-view-stacked .elementor-drop-cap{background-color:#69727d;color:#fff}.elementor-widget-text-editor.elementor-drop-cap-view-framed .elementor-drop-cap{color:#69727d;border:3px solid;background-color:transparent}.elementor-widget-text-editor:not(.elementor-drop-cap-view-default) .elementor-drop-cap{margin-top:8px}.elementor-widget-text-editor:not(.elementor-drop-cap-view-default) .elementor-drop-cap-letter{width:1em;height:1em}.elementor-widget-text-editor .elementor-drop-cap{float:left;text-align:center;line-height:1;font-size:50px}.elementor-widget-text-editor .elementor-drop-cap-letter{display:inline-block}<\/style>\t\t\t\t<h3 data-start=\"90\" data-end=\"135\"><strong data-start=\"94\" data-end=\"133\">Salut Artur, peux-tu te pr\u00e9senter ?<\/strong><\/h3><p data-start=\"136\" data-end=\"210\">Je m\u2019appelle Artur Viaud, je suis n\u00e9 le 21 juillet \u00e0 M\u00e9rida, en Espagne.<\/p><h3 data-start=\"212\" data-end=\"285\"><strong data-start=\"216\" data-end=\"283\">Peux-tu nous parler de toi et du poste que tu occupes au club ?<\/strong><\/h3><p data-start=\"286\" data-end=\"541\">Je suis joueur en \u00e9quipe premi\u00e8re, responsable de la cat\u00e9gorie U15 M, ainsi que responsable de l\u2019\u00e9cole de football et du football \u00e0 11 au sein de l\u2019Olympique Saumur. J\u2019interviens \u00e9galement au sein de l\u2019\u00e9tablissement Saint-Louis avec la section football.<\/p><h3 data-start=\"543\" data-end=\"614\"><strong data-start=\"547\" data-end=\"612\">Peux-tu nous expliquer le dipl\u00f4me que tu passes cette ann\u00e9e ?<\/strong><\/h3><p data-start=\"615\" data-end=\"1019\">Cette ann\u00e9e, je suis en formation BEF (Brevet d\u2019Entra\u00eeneur de Football) au sein de la ligue Pays de la Loire. La formation se d\u00e9roule \u00e0 Nantes, sur Saint-S\u00e9bastien, o\u00f9 je dois me rendre en pr\u00e9sentiel pendant six semaines au cours de la saison. Ce dipl\u00f4me me permet de d\u00e9velopper mes connaissances sur le m\u00e9tier d\u2019\u00e9ducateur et d\u2019entra\u00eeneur. C\u2019est un programme tr\u00e8s enrichissant, mais aussi tr\u00e8s intense.<\/p><h3 data-start=\"1021\" data-end=\"1127\"><strong data-start=\"1025\" data-end=\"1125\">Comment se passe ton ann\u00e9e avec toutes ces \u00e9ch\u00e9ances (BEF, championnat, responsabilit\u00e9 U15 M\u2026) ?<\/strong><\/h3><p data-start=\"1128\" data-end=\"1598\">Les semaines sont bien remplies entre les entra\u00eenements avec la section Saint-Louis, les s\u00e9ances et les matchs avec l\u2019\u00e9quipe premi\u00e8re, ainsi que les entra\u00eenements et rencontres du week-end avec la cat\u00e9gorie U14\/U15 M. En parall\u00e8le, je poursuis ma formation avec des dossiers \u00e0 rendre d\u2019ici fin avril. On approche doucement du sprint final de la saison.<br data-start=\"1480\" data-end=\"1483\" \/>Si je devais r\u00e9sumer mon ann\u00e9e en quelques mots, je dirais : enrichissante, passionnante, mais \u00e9prouvante\u2026 ahah !<\/p><h3 data-start=\"1600\" data-end=\"1710\"><strong data-start=\"1604\" data-end=\"1708\">Arrives-tu \u00e0 trouver un bon \u00e9quilibre entre ta vie professionnelle, footballistique et personnelle ?<\/strong><\/h3><p data-start=\"1711\" data-end=\"1976\">J\u2019essaye au maximum, sinon je vais finir en burn-out ! Chaque semaine, je veille \u00e0 m\u2019accorder des moments \u00e0 moi. Je suis quelqu\u2019un de casanier, donc d\u00e8s que je suis chez moi, j\u2019arrive \u00e0 d\u00e9connecter\u2026 m\u00eame si la vie du club occupe cinq jours sur sept de ma semaine.<\/p><h3 data-start=\"1978\" data-end=\"2092\"><strong data-start=\"1982\" data-end=\"2090\">Que penses-tu de ce championnat National 2, que tu connais bien ? As-tu un avis sur les matchs \u00e0 venir ?<\/strong><\/h3><p data-start=\"2093\" data-end=\"2890\">Le championnat National 2 est tr\u00e8s exigeant. La plupart des \u00e9quipes que l\u2019on affronte fonctionnent comme des clubs professionnels, avec des joueurs qui se consacrent uniquement au football. C\u2019est parfois compliqu\u00e9 de rivaliser avec leurs moyens, mais avec nos valeurs, nous parvenons \u00e0 exister dans ce championnat.<br data-start=\"2407\" data-end=\"2410\" \/>Nous devons \u00eatre \u00e0 100 % \u00e0 chaque match, avec le bon \u00e9tat d\u2019esprit, et pousser tous ensemble dans la m\u00eame direction si nous voulons obtenir des r\u00e9sultats. \u00c0 l\u2019Olympique, c\u2019est comme \u00e7a et je ne l\u2019\u00e9changerais pour rien au monde, car cette mentalit\u00e9 fait la force de Saumur. Nous sommes une famille, avec nos qualit\u00e9s et nos d\u00e9fauts, et c\u2019est l\u2019ensemble de tous ces individus \u2013 pr\u00e9sidents, joueurs, staffs, b\u00e9n\u00e9voles, \u00e9ducateurs, supporters, parents \u2013 qui fait l\u2019Olympique Saumur.<\/p><h3 data-start=\"2892\" data-end=\"2953\"><strong data-start=\"2896\" data-end=\"2951\">Enfin, as-tu un dernier mot avant de nous quitter ?<\/strong><\/h3><p data-start=\"2954\" data-end=\"3443\">C\u2019est un plaisir de faire partie de ce club. Lorsque je suis arriv\u00e9 il y a cinq saisons, l\u2019Olympique Saumur m\u2019a ouvert ses portes alors que je n\u2019\u00e9tais qu\u2019un gamin sortant d\u2019un centre de formation. Gr\u00e2ce \u00e0 Saumur, j\u2019ai v\u00e9cu des moments inoubliables : le parcours en Coupe de France, la mont\u00e9e en National 2, ainsi que les diff\u00e9rents maintiens.<br data-start=\"3296\" data-end=\"3299\" \/>L\u2019homme que je suis aujourd\u2019hui a \u00e9t\u00e9 en grande partie construit par ce club. Pourquoi j\u2019aime tant l\u2019Olympique Saumur ? Parce que Saumur\u2026 \u2764\ufe0f\ud83d\udc99<\/p>\t\t\t\t\t\t<\/div>\n\t\t\t\t<\/div>\n\t\t\t\t\t<\/div>\n\t\t\t\t<\/div>\n\t\t\t\t<\/div>\n\t\t","protected":false},"excerpt":{"rendered":"<p>\u00c0 la rencontre de\u2026 Artur VIAUD Salut Artur, peux-tu te pr\u00e9senter ? Je m\u2019appelle Artur Viaud, je suis n\u00e9 le 21 juillet \u00e0 M\u00e9rida, en Espagne. Peux-tu nous parler de toi et du poste que tu occupes au club ? Je suis joueur en \u00e9quipe premi\u00e8re, responsable de la cat\u00e9gorie U15 M, ainsi que responsable&#8230;<\/p>\n","protected":false},"author":1,"featured_media":4016,"comment_status":"closed","ping_status":"closed","sticky":false,"template":"","format":"standard","meta":{"om_disable_all_campaigns":false,"_monsterinsights_skip_tracking":false,"_monsterinsights_sitenote_active":false,"_monsterinsights_sitenote_note":"","_monsterinsights_sitenote_category":0,"_kadence_starter_templates_imported_post":false,"_kad_post_transparent":"","_kad_post_title":"","_kad_post_layout":"","_kad_post_sidebar_id":"","_kad_post_content_style":"","_kad_post_vertical_padding":"","_kad_post_feature":"","_kad_post_feature_position":"","_kad_post_header":false,"_kad_post_footer":false,"footnotes":""},"categories":[8,4],"tags":[],"class_list":["post-4015","post","type-post","status-publish","format-standard","has-post-thumbnail","hentry","category-actualites","category-seniors"],"yoast_head":"<!-- This site is optimized with the Yoast SEO plugin v22.2 - https:\/\/yoast.com\/wordpress\/plugins\/seo\/ -->\n<title>\u00c0 la rencontre de\u2026 Artur VIAUD - Olympique Saumur<\/title>\n<meta name=\"robots\" content=\"index, follow, max-snippet:-1, max-image-preview:large, max-video-preview:-1\" \/>\n<link rel=\"canonical\" href=\"https:\/\/olympiquesaumur.fr\/index.php\/2025\/03\/05\/a-la-rencontre-de-artur-viaud\/\" \/>\n<meta property=\"og:locale\" content=\"fr_FR\" \/>\n<meta property=\"og:type\" content=\"article\" \/>\n<meta property=\"og:title\" content=\"\u00c0 la rencontre de\u2026 Artur VIAUD - Olympique Saumur\" \/>\n<meta property=\"og:description\" content=\"\u00c0 la rencontre de\u2026 Artur VIAUD Salut Artur, peux-tu te pr\u00e9senter ? Je m\u2019appelle Artur Viaud, je suis n\u00e9 le 21 juillet \u00e0 M\u00e9rida, en Espagne. Peux-tu nous parler de toi et du poste que tu occupes au club ? Je suis joueur en \u00e9quipe premi\u00e8re, responsable de la cat\u00e9gorie U15 M, ainsi que responsable...\" \/>\n<meta property=\"og:url\" content=\"https:\/\/olympiquesaumur.fr\/index.php\/2025\/03\/05\/a-la-rencontre-de-artur-viaud\/\" \/>\n<meta property=\"og:site_name\" content=\"Olympique Saumur\" \/>\n<meta property=\"article:published_time\" content=\"2025-03-05T08:22:54+00:00\" \/>\n<meta property=\"article:modified_time\" content=\"2025-03-05T08:23:48+00:00\" \/>\n<meta property=\"og:image\" content=\"https:\/\/olympiquesaumur.fr\/wp-content\/uploads\/2025\/03\/IMG_1676.jpeg\" \/>\n\t<meta property=\"og:image:width\" content=\"1170\" \/>\n\t<meta property=\"og:image:height\" content=\"1321\" \/>\n\t<meta property=\"og:image:type\" content=\"image\/jpeg\" \/>\n<meta name=\"author\" content=\"adminOSFC\" \/>\n<meta name=\"twitter:card\" content=\"summary_large_image\" \/>\n<meta name=\"twitter:label1\" content=\"\u00c9crit par\" \/>\n\t<meta name=\"twitter:data1\" content=\"adminOSFC\" \/>\n\t<meta name=\"twitter:label2\" content=\"Dur\u00e9e de lecture estim\u00e9e\" \/>\n\t<meta name=\"twitter:data2\" content=\"3 minutes\" \/>\n<script type=\"application\/ld+json\" class=\"yoast-schema-graph\">{\"@context\":\"https:\/\/schema.org\",\"@graph\":[{\"@type\":\"Article\",\"@id\":\"https:\/\/olympiquesaumur.fr\/index.php\/2025\/03\/05\/a-la-rencontre-de-artur-viaud\/#article\",\"isPartOf\":{\"@id\":\"https:\/\/olympiquesaumur.fr\/index.php\/2025\/03\/05\/a-la-rencontre-de-artur-viaud\/\"},\"author\":{\"name\":\"adminOSFC\",\"@id\":\"https:\/\/olympiquesaumur.fr\/#\/schema\/person\/cd78a7d38d53f8ace85eec1cebdec543\"},\"headline\":\"\u00c0 la rencontre de\u2026 Artur VIAUD\",\"datePublished\":\"2025-03-05T08:22:54+00:00\",\"dateModified\":\"2025-03-05T08:23:48+00:00\",\"mainEntityOfPage\":{\"@id\":\"https:\/\/olympiquesaumur.fr\/index.php\/2025\/03\/05\/a-la-rencontre-de-artur-viaud\/\"},\"wordCount\":595,\"publisher\":{\"@id\":\"https:\/\/olympiquesaumur.fr\/#organization\"},\"image\":{\"@id\":\"https:\/\/olympiquesaumur.fr\/index.php\/2025\/03\/05\/a-la-rencontre-de-artur-viaud\/#primaryimage\"},\"thumbnailUrl\":\"https:\/\/olympiquesaumur.fr\/wp-content\/uploads\/2025\/03\/IMG_1676.jpeg\",\"articleSection\":[\"Actualit\u00e9s\",\"Seniors\"],\"inLanguage\":\"fr-FR\"},{\"@type\":\"WebPage\",\"@id\":\"https:\/\/olympiquesaumur.fr\/index.php\/2025\/03\/05\/a-la-rencontre-de-artur-viaud\/\",\"url\":\"https:\/\/olympiquesaumur.fr\/index.php\/2025\/03\/05\/a-la-rencontre-de-artur-viaud\/\",\"name\":\"\u00c0 la rencontre de\u2026 Artur VIAUD - Olympique Saumur\",\"isPartOf\":{\"@id\":\"https:\/\/olympiquesaumur.fr\/#website\"},\"primaryImageOfPage\":{\"@id\":\"https:\/\/olympiquesaumur.fr\/index.php\/2025\/03\/05\/a-la-rencontre-de-artur-viaud\/#primaryimage\"},\"image\":{\"@id\":\"https:\/\/olympiquesaumur.fr\/index.php\/2025\/03\/05\/a-la-rencontre-de-artur-viaud\/#primaryimage\"},\"thumbnailUrl\":\"https:\/\/olympiquesaumur.fr\/wp-content\/uploads\/2025\/03\/IMG_1676.jpeg\",\"datePublished\":\"2025-03-05T08:22:54+00:00\",\"dateModified\":\"2025-03-05T08:23:48+00:00\",\"breadcrumb\":{\"@id\":\"https:\/\/olympiquesaumur.fr\/index.php\/2025\/03\/05\/a-la-rencontre-de-artur-viaud\/#breadcrumb\"},\"inLanguage\":\"fr-FR\",\"potentialAction\":[{\"@type\":\"ReadAction\",\"target\":[\"https:\/\/olympiquesaumur.fr\/index.php\/2025\/03\/05\/a-la-rencontre-de-artur-viaud\/\"]}]},{\"@type\":\"ImageObject\",\"inLanguage\":\"fr-FR\",\"@id\":\"https:\/\/olympiquesaumur.fr\/index.php\/2025\/03\/05\/a-la-rencontre-de-artur-viaud\/#primaryimage\",\"url\":\"https:\/\/olympiquesaumur.fr\/wp-content\/uploads\/2025\/03\/IMG_1676.jpeg\",\"contentUrl\":\"https:\/\/olympiquesaumur.fr\/wp-content\/uploads\/2025\/03\/IMG_1676.jpeg\",\"width\":1170,\"height\":1321,\"caption\":\"Screenshot\"},{\"@type\":\"BreadcrumbList\",\"@id\":\"https:\/\/olympiquesaumur.fr\/index.php\/2025\/03\/05\/a-la-rencontre-de-artur-viaud\/#breadcrumb\",\"itemListElement\":[{\"@type\":\"ListItem\",\"position\":1,\"name\":\"Accueil\",\"item\":\"https:\/\/olympiquesaumur.fr\/\"},{\"@type\":\"ListItem\",\"position\":2,\"name\":\"\u00c0 la rencontre de\u2026 Artur VIAUD\"}]},{\"@type\":\"WebSite\",\"@id\":\"https:\/\/olympiquesaumur.fr\/#website\",\"url\":\"https:\/\/olympiquesaumur.fr\/\",\"name\":\"Olympique Saumur Football Club\",\"description\":\"#PARCEQUESAUMUR\",\"publisher\":{\"@id\":\"https:\/\/olympiquesaumur.fr\/#organization\"},\"alternateName\":\"OSFC\",\"potentialAction\":[{\"@type\":\"SearchAction\",\"target\":{\"@type\":\"EntryPoint\",\"urlTemplate\":\"https:\/\/olympiquesaumur.fr\/?s={search_term_string}\"},\"query-input\":\"required name=search_term_string\"}],\"inLanguage\":\"fr-FR\"},{\"@type\":\"Organization\",\"@id\":\"https:\/\/olympiquesaumur.fr\/#organization\",\"name\":\"Olympique Saumur Football Club\",\"alternateName\":\"OSFC\",\"url\":\"https:\/\/olympiquesaumur.fr\/\",\"logo\":{\"@type\":\"ImageObject\",\"inLanguage\":\"fr-FR\",\"@id\":\"https:\/\/olympiquesaumur.fr\/#\/schema\/logo\/image\/\",\"url\":\"https:\/\/olympiquesaumur.fr\/wp-content\/uploads\/2024\/03\/Logo_Olympique_Saumur.svg_.png\",\"contentUrl\":\"https:\/\/olympiquesaumur.fr\/wp-content\/uploads\/2024\/03\/Logo_Olympique_Saumur.svg_.png\",\"width\":1200,\"height\":1437,\"caption\":\"Olympique Saumur Football Club\"},\"image\":{\"@id\":\"https:\/\/olympiquesaumur.fr\/#\/schema\/logo\/image\/\"}},{\"@type\":\"Person\",\"@id\":\"https:\/\/olympiquesaumur.fr\/#\/schema\/person\/cd78a7d38d53f8ace85eec1cebdec543\",\"name\":\"adminOSFC\",\"sameAs\":[\"http:\/\/lxkduhl.cluster030.hosting.ovh.net\"]}]}<\/script>\n<!-- \/ Yoast SEO plugin. -->","yoast_head_json":{"title":"\u00c0 la rencontre de\u2026 Artur VIAUD - Olympique Saumur","robots":{"index":"index","follow":"follow","max-snippet":"max-snippet:-1","max-image-preview":"max-image-preview:large","max-video-preview":"max-video-preview:-1"},"canonical":"https:\/\/olympiquesaumur.fr\/index.php\/2025\/03\/05\/a-la-rencontre-de-artur-viaud\/","og_locale":"fr_FR","og_type":"article","og_title":"\u00c0 la rencontre de\u2026 Artur VIAUD - Olympique Saumur","og_description":"\u00c0 la rencontre de\u2026 Artur VIAUD Salut Artur, peux-tu te pr\u00e9senter ? Je m\u2019appelle Artur Viaud, je suis n\u00e9 le 21 juillet \u00e0 M\u00e9rida, en Espagne. Peux-tu nous parler de toi et du poste que tu occupes au club ? Je suis joueur en \u00e9quipe premi\u00e8re, responsable de la cat\u00e9gorie U15 M, ainsi que responsable...","og_url":"https:\/\/olympiquesaumur.fr\/index.php\/2025\/03\/05\/a-la-rencontre-de-artur-viaud\/","og_site_name":"Olympique Saumur","article_published_time":"2025-03-05T08:22:54+00:00","article_modified_time":"2025-03-05T08:23:48+00:00","og_image":[{"width":1170,"height":1321,"url":"https:\/\/olympiquesaumur.fr\/wp-content\/uploads\/2025\/03\/IMG_1676.jpeg","type":"image\/jpeg"}],"author":"adminOSFC","twitter_card":"summary_large_image","twitter_misc":{"\u00c9crit par":"adminOSFC","Dur\u00e9e de lecture estim\u00e9e":"3 minutes"},"schema":{"@context":"https:\/\/schema.org","@graph":[{"@type":"Article","@id":"https:\/\/olympiquesaumur.fr\/index.php\/2025\/03\/05\/a-la-rencontre-de-artur-viaud\/#article","isPartOf":{"@id":"https:\/\/olympiquesaumur.fr\/index.php\/2025\/03\/05\/a-la-rencontre-de-artur-viaud\/"},"author":{"name":"adminOSFC","@id":"https:\/\/olympiquesaumur.fr\/#\/schema\/person\/cd78a7d38d53f8ace85eec1cebdec543"},"headline":"\u00c0 la rencontre de\u2026 Artur VIAUD","datePublished":"2025-03-05T08:22:54+00:00","dateModified":"2025-03-05T08:23:48+00:00","mainEntityOfPage":{"@id":"https:\/\/olympiquesaumur.fr\/index.php\/2025\/03\/05\/a-la-rencontre-de-artur-viaud\/"},"wordCount":595,"publisher":{"@id":"https:\/\/olympiquesaumur.fr\/#organization"},"image":{"@id":"https:\/\/olympiquesaumur.fr\/index.php\/2025\/03\/05\/a-la-rencontre-de-artur-viaud\/#primaryimage"},"thumbnailUrl":"https:\/\/olympiquesaumur.fr\/wp-content\/uploads\/2025\/03\/IMG_1676.jpeg","articleSection":["Actualit\u00e9s","Seniors"],"inLanguage":"fr-FR"},{"@type":"WebPage","@id":"https:\/\/olympiquesaumur.fr\/index.php\/2025\/03\/05\/a-la-rencontre-de-artur-viaud\/","url":"https:\/\/olympiquesaumur.fr\/index.php\/2025\/03\/05\/a-la-rencontre-de-artur-viaud\/","name":"\u00c0 la rencontre de\u2026 Artur VIAUD - Olympique Saumur","isPartOf":{"@id":"https:\/\/olympiquesaumur.fr\/#website"},"primaryImageOfPage":{"@id":"https:\/\/olympiquesaumur.fr\/index.php\/2025\/03\/05\/a-la-rencontre-de-artur-viaud\/#primaryimage"},"image":{"@id":"https:\/\/olympiquesaumur.fr\/index.php\/2025\/03\/05\/a-la-rencontre-de-artur-viaud\/#primaryimage"},"thumbnailUrl":"https:\/\/olympiquesaumur.fr\/wp-content\/uploads\/2025\/03\/IMG_1676.jpeg","datePublished":"2025-03-05T08:22:54+00:00","dateModified":"2025-03-05T08:23:48+00:00","breadcrumb":{"@id":"https:\/\/olympiquesaumur.fr\/index.php\/2025\/03\/05\/a-la-rencontre-de-artur-viaud\/#breadcrumb"},"inLanguage":"fr-FR","potentialAction":[{"@type":"ReadAction","target":["https:\/\/olympiquesaumur.fr\/index.php\/2025\/03\/05\/a-la-rencontre-de-artur-viaud\/"]}]},{"@type":"ImageObject","inLanguage":"fr-FR","@id":"https:\/\/olympiquesaumur.fr\/index.php\/2025\/03\/05\/a-la-rencontre-de-artur-viaud\/#primaryimage","url":"https:\/\/olympiquesaumur.fr\/wp-content\/uploads\/2025\/03\/IMG_1676.jpeg","contentUrl":"https:\/\/olympiquesaumur.fr\/wp-content\/uploads\/2025\/03\/IMG_1676.jpeg","width":1170,"height":1321,"caption":"Screenshot"},{"@type":"BreadcrumbList","@id":"https:\/\/olympiquesaumur.fr\/index.php\/2025\/03\/05\/a-la-rencontre-de-artur-viaud\/#breadcrumb","itemListElement":[{"@type":"ListItem","position":1,"name":"Accueil","item":"https:\/\/olympiquesaumur.fr\/"},{"@type":"ListItem","position":2,"name":"\u00c0 la rencontre de\u2026 Artur VIAUD"}]},{"@type":"WebSite","@id":"https:\/\/olympiquesaumur.fr\/#website","url":"https:\/\/olympiquesaumur.fr\/","name":"Olympique Saumur Football Club","description":"#PARCEQUESAUMUR","publisher":{"@id":"https:\/\/olympiquesaumur.fr\/#organization"},"alternateName":"OSFC","potentialAction":[{"@type":"SearchAction","target":{"@type":"EntryPoint","urlTemplate":"https:\/\/olympiquesaumur.fr\/?s={search_term_string}"},"query-input":"required name=search_term_string"}],"inLanguage":"fr-FR"},{"@type":"Organization","@id":"https:\/\/olympiquesaumur.fr\/#organization","name":"Olympique Saumur Football Club","alternateName":"OSFC","url":"https:\/\/olympiquesaumur.fr\/","logo":{"@type":"ImageObject","inLanguage":"fr-FR","@id":"https:\/\/olympiquesaumur.fr\/#\/schema\/logo\/image\/","url":"https:\/\/olympiquesaumur.fr\/wp-content\/uploads\/2024\/03\/Logo_Olympique_Saumur.svg_.png","contentUrl":"https:\/\/olympiquesaumur.fr\/wp-content\/uploads\/2024\/03\/Logo_Olympique_Saumur.svg_.png","width":1200,"height":1437,"caption":"Olympique Saumur Football Club"},"image":{"@id":"https:\/\/olympiquesaumur.fr\/#\/schema\/logo\/image\/"}},{"@type":"Person","@id":"https:\/\/olympiquesaumur.fr\/#\/schema\/person\/cd78a7d38d53f8ace85eec1cebdec543","name":"adminOSFC","sameAs":["http:\/\/lxkduhl.cluster030.hosting.ovh.net"]}]}},"_links":{"self":[{"href":"https:\/\/olympiquesaumur.fr\/index.php\/wp-json\/wp\/v2\/posts\/4015","targetHints":{"allow":["GET"]}}],"collection":[{"href":"https:\/\/olympiquesaumur.fr\/index.php\/wp-json\/wp\/v2\/posts"}],"about":[{"href":"https:\/\/olympiquesaumur.fr\/index.php\/wp-json\/wp\/v2\/types\/post"}],"author":[{"embeddable":true,"href":"https:\/\/olympiquesaumur.fr\/index.php\/wp-json\/wp\/v2\/users\/1"}],"replies":[{"embeddable":true,"href":"https:\/\/olympiquesaumur.fr\/index.php\/wp-json\/wp\/v2\/comments?post=4015"}],"version-history":[{"count":7,"href":"https:\/\/olympiquesaumur.fr\/index.php\/wp-json\/wp\/v2\/posts\/4015\/revisions"}],"predecessor-version":[{"id":4035,"href":"https:\/\/olympiquesaumur.fr\/index.php\/wp-json\/wp\/v2\/posts\/4015\/revisions\/4035"}],"wp:featuredmedia":[{"embeddable":true,"href":"https:\/\/olympiquesaumur.fr\/index.php\/wp-json\/wp\/v2\/media\/4016"}],"wp:attachment":[{"href":"https:\/\/olympiquesaumur.fr\/index.php\/wp-json\/wp\/v2\/media?parent=4015"}],"wp:term":[{"taxonomy":"category","embeddable":true,"href":"https:\/\/olympiquesaumur.fr\/index.php\/wp-json\/wp\/v2\/categories?post=4015"},{"taxonomy":"post_tag","embeddable":true,"href":"https:\/\/olympiquesaumur.fr\/index.php\/wp-json\/wp\/v2\/tags?post=4015"}],"curies":[{"name":"wp","href":"https:\/\/api.w.org\/{rel}","templated":true}]}}