{"id":3659,"date":"2024-12-17T20:22:59","date_gmt":"2024-12-17T19:22:59","guid":{"rendered":"https:\/\/olympiquesaumur.fr\/?p=3659"},"modified":"2024-12-18T09:18:06","modified_gmt":"2024-12-18T08:18:06","slug":"a-la-rencontre-de-alyssa-guichet","status":"publish","type":"post","link":"https:\/\/olympiquesaumur.fr\/index.php\/2024\/12\/17\/a-la-rencontre-de-alyssa-guichet\/","title":{"rendered":"A la rencontre de&#8230; Alyssa GUICHET"},"content":{"rendered":"\t\t<div data-elementor-type=\"wp-post\" data-elementor-id=\"3659\" class=\"elementor elementor-3659\">\n\t\t\t\t<div class=\"elementor-element elementor-element-b67f89a e-flex e-con-boxed wpr-particle-no wpr-jarallax-no wpr-parallax-no wpr-sticky-section-no e-con e-parent\" data-id=\"b67f89a\" data-element_type=\"container\" data-settings=\"{&quot;container_type&quot;:&quot;flex&quot;,&quot;content_width&quot;:&quot;boxed&quot;}\" data-core-v316-plus=\"true\">\n\t\t\t\t\t<div class=\"e-con-inner\">\n\t\t\t\t<div class=\"elementor-element elementor-element-2bca424 elementor-widget elementor-widget-heading\" data-id=\"2bca424\" data-element_type=\"widget\" data-widget_type=\"heading.default\">\n\t\t\t\t<div class=\"elementor-widget-container\">\n\t\t\t<style>\/*! elementor - v3.19.0 - 28-02-2024 *\/\n.elementor-heading-title{padding:0;margin:0;line-height:1}.elementor-widget-heading .elementor-heading-title[class*=elementor-size-]>a{color:inherit;font-size:inherit;line-height:inherit}.elementor-widget-heading .elementor-heading-title.elementor-size-small{font-size:15px}.elementor-widget-heading .elementor-heading-title.elementor-size-medium{font-size:19px}.elementor-widget-heading .elementor-heading-title.elementor-size-large{font-size:29px}.elementor-widget-heading .elementor-heading-title.elementor-size-xl{font-size:39px}.elementor-widget-heading .elementor-heading-title.elementor-size-xxl{font-size:59px}<\/style><h2 class=\"elementor-heading-title elementor-size-default\">A la rencontre de... Alyssa GUICHET<\/h2>\t\t<\/div>\n\t\t\t\t<\/div>\n\t\t\t\t\t<\/div>\n\t\t\t\t<\/div>\n\t\t<div class=\"elementor-element elementor-element-0006a27 e-flex e-con-boxed wpr-particle-no wpr-jarallax-no wpr-parallax-no wpr-sticky-section-no e-con e-parent\" data-id=\"0006a27\" data-element_type=\"container\" data-settings=\"{&quot;container_type&quot;:&quot;flex&quot;,&quot;content_width&quot;:&quot;boxed&quot;}\" data-core-v316-plus=\"true\">\n\t\t\t\t\t<div class=\"e-con-inner\">\n\t\t\t\t<div class=\"elementor-element elementor-element-c49688a elementor-widget elementor-widget-text-editor\" data-id=\"c49688a\" data-element_type=\"widget\" data-widget_type=\"text-editor.default\">\n\t\t\t\t<div class=\"elementor-widget-container\">\n\t\t\t<style>\/*! elementor - v3.19.0 - 28-02-2024 *\/\n.elementor-widget-text-editor.elementor-drop-cap-view-stacked .elementor-drop-cap{background-color:#69727d;color:#fff}.elementor-widget-text-editor.elementor-drop-cap-view-framed .elementor-drop-cap{color:#69727d;border:3px solid;background-color:transparent}.elementor-widget-text-editor:not(.elementor-drop-cap-view-default) .elementor-drop-cap{margin-top:8px}.elementor-widget-text-editor:not(.elementor-drop-cap-view-default) .elementor-drop-cap-letter{width:1em;height:1em}.elementor-widget-text-editor .elementor-drop-cap{float:left;text-align:center;line-height:1;font-size:50px}.elementor-widget-text-editor .elementor-drop-cap-letter{display:inline-block}<\/style>\t\t\t\t<h3><strong>Bonjour Alyssa, peux-tu te pr\u00e9senter ?<\/strong><\/h3><p>Je m&rsquo;appelle Alyssa Guichet, j&rsquo;ai 18 ans et je suis n\u00e9e le 4 ao\u00fbt 2006 \u00e0 Angers. Je suis tout juste dipl\u00f4m\u00e9e d&rsquo;un bac g\u00e9n\u00e9ral, mention assez bien.<\/p><hr \/><h3><strong>Peux-tu nous parler de toi, de ta vie d&rsquo;\u00e9tudiante ainsi que de ton parcours footballistique ?<\/strong><\/h3><p>Cette ann\u00e9e, comme quelques autres \u00e9ducateurs du club, je suis en formation pour devenir \u00e9ducatrice sportive. Je pr\u00e9pare un BPJEPS APT (Activit\u00e9s Physiques pour Tous).<\/p><p>Avant de prendre ma licence, je ne saurais dire pourquoi, mais le club me donnait envie. Mes amies, d\u00e9j\u00e0 \u00e0 l&rsquo;Olympique, m&rsquo;en parlaient tr\u00e8s souvent ! C&rsquo;est pendant mon ann\u00e9e de terminale, il y a un an maintenant, que j&rsquo;ai pris ma premi\u00e8re licence \u00e0 l&rsquo;Olympique, malgr\u00e9 les inconv\u00e9nients li\u00e9s aux transports pour me rendre aux entra\u00eenements et aux matchs.<\/p><p>Cette ann\u00e9e, c&rsquo;est donc ma deuxi\u00e8me ann\u00e9e au club, mais c&rsquo;est ma premi\u00e8re saison en senior f\u00e9minine (j&rsquo;ai oubli\u00e9 de le pr\u00e9ciser, mais je suis gardienne, aha !). J&rsquo;ai aussi obtenu mon permis de conduire, donc que demander de mieux ? Je ne regrette pas de m&rsquo;\u00eatre inscrite ; j&rsquo;ai v\u00e9cu et j&rsquo;esp\u00e8re encore vivre de tr\u00e8s bons moments !<\/p><hr \/><h3><strong>Que fais-tu au club en tant qu&rsquo;\u00e9ducatrice ?<\/strong><\/h3><p>Cette ann\u00e9e, je suis \u00e9ducatrice des U13 f\u00e9minines. Je ne suis pas seule, puisque Manon Greslard, responsable des cat\u00e9gories U9 et U13F, m&rsquo;accompagne. D&rsquo;ailleurs, avec Manon, on joue ensemble en senior f\u00e9minine !<\/p><p>En plus d&rsquo;encadrer les U13F, j&rsquo;apporte aussi mon aide pendant les s\u00e9ances des U7 et U9. Enfin, j&rsquo;effectue \u00e9galement quelques t\u00e2ches administratives au sein du club.<\/p><hr \/><h3><strong>Comment te sens-tu cette ann\u00e9e au sein de l&rsquo;\u00e9quipe senior f\u00e9minine ? Et comment d\u00e9finirais-tu l&rsquo;\u00e9quipe ?<\/strong><\/h3><p>\u00a0<\/p><p>C&rsquo;est ma premi\u00e8re ann\u00e9e en senior f\u00e9minine, et d\u00e8s le d\u00e9but de la saison, je me suis sentie vraiment bien accueillie. Les filles qui \u00e9taient d\u00e9j\u00e0 l\u00e0 ont \u00e9t\u00e9 super ouvertes et bienveillantes avec moi, ce qui m\u2019a permis de m\u2019int\u00e9grer rapidement et de me sentir \u00e0 ma place.<\/p><h3><span style=\"font-family: var( --e-global-typography-text-font-family ), Sans-serif; font-weight: var( --e-global-typography-text-font-weight ); text-align: var(--text-align); color: var(--global-palette4); font-size: 17px;\">M\u00eame si, pour l\u2019instant, on manque encore un peu de coh\u00e9sion par rapport \u00e0 certaines \u00e9quipes plus \u00e9tablies, je trouve \u00e7a normal : il faut du temps pour tisser des liens forts. Chaque joueuse a sa personnalit\u00e9, et c\u2019est ce qui rend notre groupe unique. Mais j\u2019ai confiance : \u00e0 force de s\u2019entra\u00eener ensemble, de partager des moments sur et en dehors du terrain, je suis convaincue que cet esprit de famille va se cr\u00e9er naturellement. Pour l\u2019instant, on est un groupe, mais on est sur la bonne voie pour devenir une vraie \u00e9quipe soud\u00e9e !<\/span><\/h3><h3><strong>Comment te d\u00e9finirais-tu lorsque tu entres sur le terrain ?<\/strong><\/h3><p>J&rsquo;essaie de rester concentr\u00e9e ou de me remettre rapidement dans ma concentration. Comme on dit, on apprend de ses erreurs, surtout quand on prend certains matchs trop \u00e0 la l\u00e9g\u00e8re et que la d\u00e9faite nous punit.<\/p><p>\u00c0 chaque fois que je rentre sur le terrain, je donne tout ! En tant que gardienne, mon objectif est d&rsquo;arr\u00eater les occasions adverses. Bien s\u00fbr, il arrive parfois que je n&rsquo;y arrive pas, car je reste bloqu\u00e9e sur mes erreurs. Mais ce poste est incroyable !<\/p><hr \/><h3><strong>Enfin, as-tu un dernier mot \u00e0 nous dire ?<\/strong><\/h3><p>Je souhaite \u00e0 tout le monde de tr\u00e8s bonnes f\u00eates de fin d&rsquo;ann\u00e9e ! J&rsquo;esp\u00e8re que la suite de la saison se passera bien pour toutes les cat\u00e9gories et que chaque joueur, coach, dirigeant, et toutes les personnes que l&rsquo;on oublie trop souvent prennent autant de plaisir autour d&rsquo;un mot commun : <strong>le football<\/strong>.<\/p><p>Je ne sais pas si elle lira ces mots, mais comme dirait Paola, joueuse en senior f\u00e9minine avec moi :<br \/><strong>\u00ab\u00a0MENTALIT\u00c9 VIKING \u2694\ufe0f\u2694\ufe0f\u00a0\u00bb<\/strong><\/p>\t\t\t\t\t\t<\/div>\n\t\t\t\t<\/div>\n\t\t\t\t\t<\/div>\n\t\t\t\t<\/div>\n\t\t\t\t<\/div>\n\t\t","protected":false},"excerpt":{"rendered":"<p>A la rencontre de&#8230; Alyssa GUICHET Bonjour Alyssa, peux-tu te pr\u00e9senter ? Je m&rsquo;appelle Alyssa Guichet, j&rsquo;ai 18 ans et je suis n\u00e9e le 4 ao\u00fbt 2006 \u00e0 Angers. Je suis tout juste dipl\u00f4m\u00e9e d&rsquo;un bac g\u00e9n\u00e9ral, mention assez bien. Peux-tu nous parler de toi, de ta vie d&rsquo;\u00e9tudiante ainsi que de ton parcours footballistique&#8230;<\/p>\n","protected":false},"author":1,"featured_media":3291,"comment_status":"closed","ping_status":"closed","sticky":false,"template":"","format":"standard","meta":{"om_disable_all_campaigns":false,"_monsterinsights_skip_tracking":false,"_monsterinsights_sitenote_active":false,"_monsterinsights_sitenote_note":"","_monsterinsights_sitenote_category":0,"_kadence_starter_templates_imported_post":false,"_kad_post_transparent":"","_kad_post_title":"","_kad_post_layout":"","_kad_post_sidebar_id":"","_kad_post_content_style":"","_kad_post_vertical_padding":"","_kad_post_feature":"","_kad_post_feature_position":"","_kad_post_header":false,"_kad_post_footer":false,"footnotes":""},"categories":[8,5,6,9,4,7],"tags":[],"class_list":["post-3659","post","type-post","status-publish","format-standard","has-post-thumbnail","hentry","category-actualites","category-feminines","category-formation","category-gardiens-de-but","category-seniors","category-vie-de-club"],"yoast_head":"<!-- This site is optimized with the Yoast SEO plugin v22.2 - https:\/\/yoast.com\/wordpress\/plugins\/seo\/ -->\n<title>A la rencontre de... Alyssa GUICHET - Olympique Saumur<\/title>\n<meta name=\"description\" content=\"Retrouvez cette semaine le portrait de Alyssa GUICHET, joueuse et \u00e9ducatrice aupr\u00e8s des f\u00e9minines de l&#039;Olympique Saumur FC\" \/>\n<meta name=\"robots\" content=\"index, follow, max-snippet:-1, max-image-preview:large, max-video-preview:-1\" \/>\n<link rel=\"canonical\" href=\"https:\/\/olympiquesaumur.fr\/index.php\/2024\/12\/17\/a-la-rencontre-de-alyssa-guichet\/\" \/>\n<meta property=\"og:locale\" content=\"fr_FR\" \/>\n<meta property=\"og:type\" content=\"article\" \/>\n<meta property=\"og:title\" content=\"A la rencontre de... Alyssa GUICHET - Olympique Saumur\" \/>\n<meta property=\"og:description\" content=\"Retrouvez cette semaine le portrait de Alyssa GUICHET, joueuse et \u00e9ducatrice aupr\u00e8s des f\u00e9minines de l&#039;Olympique Saumur FC\" \/>\n<meta property=\"og:url\" content=\"https:\/\/olympiquesaumur.fr\/index.php\/2024\/12\/17\/a-la-rencontre-de-alyssa-guichet\/\" \/>\n<meta property=\"og:site_name\" content=\"Olympique Saumur\" \/>\n<meta property=\"article:published_time\" content=\"2024-12-17T19:22:59+00:00\" \/>\n<meta property=\"article:modified_time\" content=\"2024-12-18T08:18:06+00:00\" \/>\n<meta property=\"og:image\" content=\"https:\/\/olympiquesaumur.fr\/wp-content\/uploads\/2024\/10\/I1583-Olympique-de-Saumur-Educateurs-9-scaled-e1734463051294.jpg\" \/>\n\t<meta property=\"og:image:width\" content=\"1706\" \/>\n\t<meta property=\"og:image:height\" content=\"1463\" \/>\n\t<meta property=\"og:image:type\" content=\"image\/jpeg\" \/>\n<meta name=\"author\" content=\"adminOSFC\" \/>\n<meta name=\"twitter:card\" content=\"summary_large_image\" \/>\n<meta name=\"twitter:label1\" content=\"\u00c9crit par\" \/>\n\t<meta name=\"twitter:data1\" content=\"adminOSFC\" \/>\n\t<meta name=\"twitter:label2\" content=\"Dur\u00e9e de lecture estim\u00e9e\" \/>\n\t<meta name=\"twitter:data2\" content=\"4 minutes\" \/>\n<script type=\"application\/ld+json\" class=\"yoast-schema-graph\">{\"@context\":\"https:\/\/schema.org\",\"@graph\":[{\"@type\":\"Article\",\"@id\":\"https:\/\/olympiquesaumur.fr\/index.php\/2024\/12\/17\/a-la-rencontre-de-alyssa-guichet\/#article\",\"isPartOf\":{\"@id\":\"https:\/\/olympiquesaumur.fr\/index.php\/2024\/12\/17\/a-la-rencontre-de-alyssa-guichet\/\"},\"author\":{\"name\":\"adminOSFC\",\"@id\":\"https:\/\/olympiquesaumur.fr\/#\/schema\/person\/cd78a7d38d53f8ace85eec1cebdec543\"},\"headline\":\"A la rencontre de&#8230; Alyssa GUICHET\",\"datePublished\":\"2024-12-17T19:22:59+00:00\",\"dateModified\":\"2024-12-18T08:18:06+00:00\",\"mainEntityOfPage\":{\"@id\":\"https:\/\/olympiquesaumur.fr\/index.php\/2024\/12\/17\/a-la-rencontre-de-alyssa-guichet\/\"},\"wordCount\":655,\"publisher\":{\"@id\":\"https:\/\/olympiquesaumur.fr\/#organization\"},\"image\":{\"@id\":\"https:\/\/olympiquesaumur.fr\/index.php\/2024\/12\/17\/a-la-rencontre-de-alyssa-guichet\/#primaryimage\"},\"thumbnailUrl\":\"https:\/\/olympiquesaumur.fr\/wp-content\/uploads\/2024\/10\/I1583-Olympique-de-Saumur-Educateurs-9-scaled-e1734463051294.jpg\",\"articleSection\":[\"Actualit\u00e9s\",\"F\u00e9minines\",\"Formation\",\"Gardiens de but\",\"Seniors\",\"Vie du club\"],\"inLanguage\":\"fr-FR\"},{\"@type\":\"WebPage\",\"@id\":\"https:\/\/olympiquesaumur.fr\/index.php\/2024\/12\/17\/a-la-rencontre-de-alyssa-guichet\/\",\"url\":\"https:\/\/olympiquesaumur.fr\/index.php\/2024\/12\/17\/a-la-rencontre-de-alyssa-guichet\/\",\"name\":\"A la rencontre de... Alyssa GUICHET - Olympique Saumur\",\"isPartOf\":{\"@id\":\"https:\/\/olympiquesaumur.fr\/#website\"},\"primaryImageOfPage\":{\"@id\":\"https:\/\/olympiquesaumur.fr\/index.php\/2024\/12\/17\/a-la-rencontre-de-alyssa-guichet\/#primaryimage\"},\"image\":{\"@id\":\"https:\/\/olympiquesaumur.fr\/index.php\/2024\/12\/17\/a-la-rencontre-de-alyssa-guichet\/#primaryimage\"},\"thumbnailUrl\":\"https:\/\/olympiquesaumur.fr\/wp-content\/uploads\/2024\/10\/I1583-Olympique-de-Saumur-Educateurs-9-scaled-e1734463051294.jpg\",\"datePublished\":\"2024-12-17T19:22:59+00:00\",\"dateModified\":\"2024-12-18T08:18:06+00:00\",\"description\":\"Retrouvez cette semaine le portrait de Alyssa GUICHET, joueuse et \u00e9ducatrice aupr\u00e8s des f\u00e9minines de l'Olympique Saumur FC\",\"breadcrumb\":{\"@id\":\"https:\/\/olympiquesaumur.fr\/index.php\/2024\/12\/17\/a-la-rencontre-de-alyssa-guichet\/#breadcrumb\"},\"inLanguage\":\"fr-FR\",\"potentialAction\":[{\"@type\":\"ReadAction\",\"target\":[\"https:\/\/olympiquesaumur.fr\/index.php\/2024\/12\/17\/a-la-rencontre-de-alyssa-guichet\/\"]}]},{\"@type\":\"ImageObject\",\"inLanguage\":\"fr-FR\",\"@id\":\"https:\/\/olympiquesaumur.fr\/index.php\/2024\/12\/17\/a-la-rencontre-de-alyssa-guichet\/#primaryimage\",\"url\":\"https:\/\/olympiquesaumur.fr\/wp-content\/uploads\/2024\/10\/I1583-Olympique-de-Saumur-Educateurs-9-scaled-e1734463051294.jpg\",\"contentUrl\":\"https:\/\/olympiquesaumur.fr\/wp-content\/uploads\/2024\/10\/I1583-Olympique-de-Saumur-Educateurs-9-scaled-e1734463051294.jpg\",\"width\":1706,\"height\":1463},{\"@type\":\"BreadcrumbList\",\"@id\":\"https:\/\/olympiquesaumur.fr\/index.php\/2024\/12\/17\/a-la-rencontre-de-alyssa-guichet\/#breadcrumb\",\"itemListElement\":[{\"@type\":\"ListItem\",\"position\":1,\"name\":\"Accueil\",\"item\":\"https:\/\/olympiquesaumur.fr\/\"},{\"@type\":\"ListItem\",\"position\":2,\"name\":\"A la rencontre de&#8230; Alyssa GUICHET\"}]},{\"@type\":\"WebSite\",\"@id\":\"https:\/\/olympiquesaumur.fr\/#website\",\"url\":\"https:\/\/olympiquesaumur.fr\/\",\"name\":\"Olympique Saumur Football Club\",\"description\":\"#PARCEQUESAUMUR\",\"publisher\":{\"@id\":\"https:\/\/olympiquesaumur.fr\/#organization\"},\"alternateName\":\"OSFC\",\"potentialAction\":[{\"@type\":\"SearchAction\",\"target\":{\"@type\":\"EntryPoint\",\"urlTemplate\":\"https:\/\/olympiquesaumur.fr\/?s={search_term_string}\"},\"query-input\":\"required name=search_term_string\"}],\"inLanguage\":\"fr-FR\"},{\"@type\":\"Organization\",\"@id\":\"https:\/\/olympiquesaumur.fr\/#organization\",\"name\":\"Olympique Saumur Football Club\",\"alternateName\":\"OSFC\",\"url\":\"https:\/\/olympiquesaumur.fr\/\",\"logo\":{\"@type\":\"ImageObject\",\"inLanguage\":\"fr-FR\",\"@id\":\"https:\/\/olympiquesaumur.fr\/#\/schema\/logo\/image\/\",\"url\":\"https:\/\/olympiquesaumur.fr\/wp-content\/uploads\/2024\/03\/Logo_Olympique_Saumur.svg_.png\",\"contentUrl\":\"https:\/\/olympiquesaumur.fr\/wp-content\/uploads\/2024\/03\/Logo_Olympique_Saumur.svg_.png\",\"width\":1200,\"height\":1437,\"caption\":\"Olympique Saumur Football Club\"},\"image\":{\"@id\":\"https:\/\/olympiquesaumur.fr\/#\/schema\/logo\/image\/\"}},{\"@type\":\"Person\",\"@id\":\"https:\/\/olympiquesaumur.fr\/#\/schema\/person\/cd78a7d38d53f8ace85eec1cebdec543\",\"name\":\"adminOSFC\",\"sameAs\":[\"http:\/\/lxkduhl.cluster030.hosting.ovh.net\"]}]}<\/script>\n<!-- \/ Yoast SEO plugin. -->","yoast_head_json":{"title":"A la rencontre de... Alyssa GUICHET - Olympique Saumur","description":"Retrouvez cette semaine le portrait de Alyssa GUICHET, joueuse et \u00e9ducatrice aupr\u00e8s des f\u00e9minines de l'Olympique Saumur FC","robots":{"index":"index","follow":"follow","max-snippet":"max-snippet:-1","max-image-preview":"max-image-preview:large","max-video-preview":"max-video-preview:-1"},"canonical":"https:\/\/olympiquesaumur.fr\/index.php\/2024\/12\/17\/a-la-rencontre-de-alyssa-guichet\/","og_locale":"fr_FR","og_type":"article","og_title":"A la rencontre de... Alyssa GUICHET - Olympique Saumur","og_description":"Retrouvez cette semaine le portrait de Alyssa GUICHET, joueuse et \u00e9ducatrice aupr\u00e8s des f\u00e9minines de l'Olympique Saumur FC","og_url":"https:\/\/olympiquesaumur.fr\/index.php\/2024\/12\/17\/a-la-rencontre-de-alyssa-guichet\/","og_site_name":"Olympique Saumur","article_published_time":"2024-12-17T19:22:59+00:00","article_modified_time":"2024-12-18T08:18:06+00:00","og_image":[{"width":1706,"height":1463,"url":"https:\/\/olympiquesaumur.fr\/wp-content\/uploads\/2024\/10\/I1583-Olympique-de-Saumur-Educateurs-9-scaled-e1734463051294.jpg","type":"image\/jpeg"}],"author":"adminOSFC","twitter_card":"summary_large_image","twitter_misc":{"\u00c9crit par":"adminOSFC","Dur\u00e9e de lecture estim\u00e9e":"4 minutes"},"schema":{"@context":"https:\/\/schema.org","@graph":[{"@type":"Article","@id":"https:\/\/olympiquesaumur.fr\/index.php\/2024\/12\/17\/a-la-rencontre-de-alyssa-guichet\/#article","isPartOf":{"@id":"https:\/\/olympiquesaumur.fr\/index.php\/2024\/12\/17\/a-la-rencontre-de-alyssa-guichet\/"},"author":{"name":"adminOSFC","@id":"https:\/\/olympiquesaumur.fr\/#\/schema\/person\/cd78a7d38d53f8ace85eec1cebdec543"},"headline":"A la rencontre de&#8230; Alyssa GUICHET","datePublished":"2024-12-17T19:22:59+00:00","dateModified":"2024-12-18T08:18:06+00:00","mainEntityOfPage":{"@id":"https:\/\/olympiquesaumur.fr\/index.php\/2024\/12\/17\/a-la-rencontre-de-alyssa-guichet\/"},"wordCount":655,"publisher":{"@id":"https:\/\/olympiquesaumur.fr\/#organization"},"image":{"@id":"https:\/\/olympiquesaumur.fr\/index.php\/2024\/12\/17\/a-la-rencontre-de-alyssa-guichet\/#primaryimage"},"thumbnailUrl":"https:\/\/olympiquesaumur.fr\/wp-content\/uploads\/2024\/10\/I1583-Olympique-de-Saumur-Educateurs-9-scaled-e1734463051294.jpg","articleSection":["Actualit\u00e9s","F\u00e9minines","Formation","Gardiens de but","Seniors","Vie du club"],"inLanguage":"fr-FR"},{"@type":"WebPage","@id":"https:\/\/olympiquesaumur.fr\/index.php\/2024\/12\/17\/a-la-rencontre-de-alyssa-guichet\/","url":"https:\/\/olympiquesaumur.fr\/index.php\/2024\/12\/17\/a-la-rencontre-de-alyssa-guichet\/","name":"A la rencontre de... Alyssa GUICHET - Olympique Saumur","isPartOf":{"@id":"https:\/\/olympiquesaumur.fr\/#website"},"primaryImageOfPage":{"@id":"https:\/\/olympiquesaumur.fr\/index.php\/2024\/12\/17\/a-la-rencontre-de-alyssa-guichet\/#primaryimage"},"image":{"@id":"https:\/\/olympiquesaumur.fr\/index.php\/2024\/12\/17\/a-la-rencontre-de-alyssa-guichet\/#primaryimage"},"thumbnailUrl":"https:\/\/olympiquesaumur.fr\/wp-content\/uploads\/2024\/10\/I1583-Olympique-de-Saumur-Educateurs-9-scaled-e1734463051294.jpg","datePublished":"2024-12-17T19:22:59+00:00","dateModified":"2024-12-18T08:18:06+00:00","description":"Retrouvez cette semaine le portrait de Alyssa GUICHET, joueuse et \u00e9ducatrice aupr\u00e8s des f\u00e9minines de l'Olympique Saumur FC","breadcrumb":{"@id":"https:\/\/olympiquesaumur.fr\/index.php\/2024\/12\/17\/a-la-rencontre-de-alyssa-guichet\/#breadcrumb"},"inLanguage":"fr-FR","potentialAction":[{"@type":"ReadAction","target":["https:\/\/olympiquesaumur.fr\/index.php\/2024\/12\/17\/a-la-rencontre-de-alyssa-guichet\/"]}]},{"@type":"ImageObject","inLanguage":"fr-FR","@id":"https:\/\/olympiquesaumur.fr\/index.php\/2024\/12\/17\/a-la-rencontre-de-alyssa-guichet\/#primaryimage","url":"https:\/\/olympiquesaumur.fr\/wp-content\/uploads\/2024\/10\/I1583-Olympique-de-Saumur-Educateurs-9-scaled-e1734463051294.jpg","contentUrl":"https:\/\/olympiquesaumur.fr\/wp-content\/uploads\/2024\/10\/I1583-Olympique-de-Saumur-Educateurs-9-scaled-e1734463051294.jpg","width":1706,"height":1463},{"@type":"BreadcrumbList","@id":"https:\/\/olympiquesaumur.fr\/index.php\/2024\/12\/17\/a-la-rencontre-de-alyssa-guichet\/#breadcrumb","itemListElement":[{"@type":"ListItem","position":1,"name":"Accueil","item":"https:\/\/olympiquesaumur.fr\/"},{"@type":"ListItem","position":2,"name":"A la rencontre de&#8230; Alyssa GUICHET"}]},{"@type":"WebSite","@id":"https:\/\/olympiquesaumur.fr\/#website","url":"https:\/\/olympiquesaumur.fr\/","name":"Olympique Saumur Football Club","description":"#PARCEQUESAUMUR","publisher":{"@id":"https:\/\/olympiquesaumur.fr\/#organization"},"alternateName":"OSFC","potentialAction":[{"@type":"SearchAction","target":{"@type":"EntryPoint","urlTemplate":"https:\/\/olympiquesaumur.fr\/?s={search_term_string}"},"query-input":"required name=search_term_string"}],"inLanguage":"fr-FR"},{"@type":"Organization","@id":"https:\/\/olympiquesaumur.fr\/#organization","name":"Olympique Saumur Football Club","alternateName":"OSFC","url":"https:\/\/olympiquesaumur.fr\/","logo":{"@type":"ImageObject","inLanguage":"fr-FR","@id":"https:\/\/olympiquesaumur.fr\/#\/schema\/logo\/image\/","url":"https:\/\/olympiquesaumur.fr\/wp-content\/uploads\/2024\/03\/Logo_Olympique_Saumur.svg_.png","contentUrl":"https:\/\/olympiquesaumur.fr\/wp-content\/uploads\/2024\/03\/Logo_Olympique_Saumur.svg_.png","width":1200,"height":1437,"caption":"Olympique Saumur Football Club"},"image":{"@id":"https:\/\/olympiquesaumur.fr\/#\/schema\/logo\/image\/"}},{"@type":"Person","@id":"https:\/\/olympiquesaumur.fr\/#\/schema\/person\/cd78a7d38d53f8ace85eec1cebdec543","name":"adminOSFC","sameAs":["http:\/\/lxkduhl.cluster030.hosting.ovh.net"]}]}},"_links":{"self":[{"href":"https:\/\/olympiquesaumur.fr\/index.php\/wp-json\/wp\/v2\/posts\/3659","targetHints":{"allow":["GET"]}}],"collection":[{"href":"https:\/\/olympiquesaumur.fr\/index.php\/wp-json\/wp\/v2\/posts"}],"about":[{"href":"https:\/\/olympiquesaumur.fr\/index.php\/wp-json\/wp\/v2\/types\/post"}],"author":[{"embeddable":true,"href":"https:\/\/olympiquesaumur.fr\/index.php\/wp-json\/wp\/v2\/users\/1"}],"replies":[{"embeddable":true,"href":"https:\/\/olympiquesaumur.fr\/index.php\/wp-json\/wp\/v2\/comments?post=3659"}],"version-history":[{"count":9,"href":"https:\/\/olympiquesaumur.fr\/index.php\/wp-json\/wp\/v2\/posts\/3659\/revisions"}],"predecessor-version":[{"id":3682,"href":"https:\/\/olympiquesaumur.fr\/index.php\/wp-json\/wp\/v2\/posts\/3659\/revisions\/3682"}],"wp:featuredmedia":[{"embeddable":true,"href":"https:\/\/olympiquesaumur.fr\/index.php\/wp-json\/wp\/v2\/media\/3291"}],"wp:attachment":[{"href":"https:\/\/olympiquesaumur.fr\/index.php\/wp-json\/wp\/v2\/media?parent=3659"}],"wp:term":[{"taxonomy":"category","embeddable":true,"href":"https:\/\/olympiquesaumur.fr\/index.php\/wp-json\/wp\/v2\/categories?post=3659"},{"taxonomy":"post_tag","embeddable":true,"href":"https:\/\/olympiquesaumur.fr\/index.php\/wp-json\/wp\/v2\/tags?post=3659"}],"curies":[{"name":"wp","href":"https:\/\/api.w.org\/{rel}","templated":true}]}}