{"id":3387,"date":"2024-11-06T09:02:51","date_gmt":"2024-11-06T08:02:51","guid":{"rendered":"https:\/\/olympiquesaumur.fr\/?p=3387"},"modified":"2024-11-06T09:14:16","modified_gmt":"2024-11-06T08:14:16","slug":"a-la-rencontre-de-enzo-fokam","status":"publish","type":"post","link":"https:\/\/olympiquesaumur.fr\/index.php\/2024\/11\/06\/a-la-rencontre-de-enzo-fokam\/","title":{"rendered":"A la rencontre de&#8230; Enzo FOKAM"},"content":{"rendered":"\t\t<div data-elementor-type=\"wp-post\" data-elementor-id=\"3387\" class=\"elementor elementor-3387\">\n\t\t\t\t<div class=\"elementor-element elementor-element-db41089 e-flex e-con-boxed wpr-particle-no wpr-jarallax-no wpr-parallax-no wpr-sticky-section-no e-con e-parent\" data-id=\"db41089\" data-element_type=\"container\" data-settings=\"{&quot;container_type&quot;:&quot;flex&quot;,&quot;content_width&quot;:&quot;boxed&quot;}\" data-core-v316-plus=\"true\">\n\t\t\t\t\t<div class=\"e-con-inner\">\n\t\t\t\t<div class=\"elementor-element elementor-element-7278798 elementor-widget elementor-widget-heading\" data-id=\"7278798\" data-element_type=\"widget\" data-widget_type=\"heading.default\">\n\t\t\t\t<div class=\"elementor-widget-container\">\n\t\t\t<style>\/*! elementor - v3.19.0 - 28-02-2024 *\/\n.elementor-heading-title{padding:0;margin:0;line-height:1}.elementor-widget-heading .elementor-heading-title[class*=elementor-size-]>a{color:inherit;font-size:inherit;line-height:inherit}.elementor-widget-heading .elementor-heading-title.elementor-size-small{font-size:15px}.elementor-widget-heading .elementor-heading-title.elementor-size-medium{font-size:19px}.elementor-widget-heading .elementor-heading-title.elementor-size-large{font-size:29px}.elementor-widget-heading .elementor-heading-title.elementor-size-xl{font-size:39px}.elementor-widget-heading .elementor-heading-title.elementor-size-xxl{font-size:59px}<\/style><h2 class=\"elementor-heading-title elementor-size-default\">A la rencontre de... Enzo FOKAM<\/h2>\t\t<\/div>\n\t\t\t\t<\/div>\n\t\t\t\t\t<\/div>\n\t\t\t\t<\/div>\n\t\t<div class=\"elementor-element elementor-element-682a253 e-flex e-con-boxed wpr-particle-no wpr-jarallax-no wpr-parallax-no wpr-sticky-section-no e-con e-parent\" data-id=\"682a253\" data-element_type=\"container\" data-settings=\"{&quot;container_type&quot;:&quot;flex&quot;,&quot;content_width&quot;:&quot;boxed&quot;}\" data-core-v316-plus=\"true\">\n\t\t\t\t\t<div class=\"e-con-inner\">\n\t\t\t\t<div class=\"elementor-element elementor-element-cf5dd0e elementor-widget elementor-widget-text-editor\" data-id=\"cf5dd0e\" data-element_type=\"widget\" data-widget_type=\"text-editor.default\">\n\t\t\t\t<div class=\"elementor-widget-container\">\n\t\t\t<style>\/*! elementor - v3.19.0 - 28-02-2024 *\/\n.elementor-widget-text-editor.elementor-drop-cap-view-stacked .elementor-drop-cap{background-color:#69727d;color:#fff}.elementor-widget-text-editor.elementor-drop-cap-view-framed .elementor-drop-cap{color:#69727d;border:3px solid;background-color:transparent}.elementor-widget-text-editor:not(.elementor-drop-cap-view-default) .elementor-drop-cap{margin-top:8px}.elementor-widget-text-editor:not(.elementor-drop-cap-view-default) .elementor-drop-cap-letter{width:1em;height:1em}.elementor-widget-text-editor .elementor-drop-cap{float:left;text-align:center;line-height:1;font-size:50px}.elementor-widget-text-editor .elementor-drop-cap-letter{display:inline-block}<\/style>\t\t\t\t<p><b>Salut Enzo, peux-tu te pr\u00e9senter ?<br \/><\/b>Salut, je m\u2019appelle Enzo Fokam, j\u2019ai 24 ans et je suis n\u00e9 le 15 novembre 1999 \u00e0 Angers. J\u2019ai particip\u00e9 \u00e0 l\u2019\u00e9pop\u00e9e en Coupe de France pendant la saison 2020-2021 contre le Toulouse FC. Je suis revenu au club apr\u00e8s avoir pass\u00e9 trois saisons chez les Voltigeurs de Ch\u00e2teaubriant.<\/p><p><b>Peux-tu nous d\u00e9crire ton parcours footballistique ?<br \/><\/b>J\u2019ai commenc\u00e9 le football \u00e0 5 ans dans le meilleur club de France, Montreuil-Juign\u00e9, o\u00f9 je suis rest\u00e9 jusqu\u2019\u00e0 mes 13 ans. Ensuite, apr\u00e8s plusieurs sollicitations, j\u2019ai rejoint Angers SCO, le plus grand club de la r\u00e9gion. J\u2019y suis rest\u00e9 jusqu\u2019\u00e0 mes 19 ans, y r\u00e9alisant toute ma formation, mais je n\u2019ai malheureusement pas r\u00e9ussi \u00e0 d\u00e9crocher de contrat professionnel.<\/p><p><b>Comment se d\u00e9roule une journ\u00e9e type pour toi ?<br \/><\/b>Le matin, je vais \u00e0 la salle. Pendant la journ\u00e9e, je regarde le match du week-end pour analyser mes performances, identifier ce qui a bien fonctionn\u00e9 ou moins bien, et rep\u00e9rer les points sur lesquels je dois travailler. Cette ann\u00e9e, j\u2019ai aussi d\u00e9cid\u00e9 de me lancer dans un projet qui me tient \u00e0 c\u0153ur&#8230;<\/p><p><b>Comment te sens-tu au sein de l\u2019\u00e9quipe de l\u2019Olympique ? Peux-tu nous d\u00e9crire le groupe N2 de Saumur en quelques mots ?<br \/><\/b>Je me sens tr\u00e8s bien ici, c\u2019est en partie pour \u00e7a que je suis revenu : pour retrouver le plaisir de jouer au foot. Tiki-Taka, \u00e7a nous d\u00e9crit tout simplement.<\/p><p><b>Si tu devais parler \u00e0 ton toi de 12\/13 ans, que lui dirais-tu ?<br \/><\/b>Profite de chaque moment.<\/p><p><b>Enfin, as-tu un dernier mot \u00e0 nous dire avant de nous quitter ?<br \/><\/b>Je suis tr\u00e8s heureux d\u2019\u00eatre revenu. Merci aux supporters d\u2019\u00eatre pr\u00e9sents, m\u00eame \u00e0 l\u2019ext\u00e9rieur ! On donne le maximum \u00e0 chaque match.<\/p><p>\u00a0<\/p>\t\t\t\t\t\t<\/div>\n\t\t\t\t<\/div>\n\t\t\t\t\t<\/div>\n\t\t\t\t<\/div>\n\t\t\t\t<\/div>\n\t\t","protected":false},"excerpt":{"rendered":"<p>A la rencontre de&#8230; Enzo FOKAM Salut Enzo, peux-tu te pr\u00e9senter ?Salut, je m\u2019appelle Enzo Fokam, j\u2019ai 24 ans et je suis n\u00e9 le 15 novembre 1999 \u00e0 Angers. J\u2019ai particip\u00e9 \u00e0 l\u2019\u00e9pop\u00e9e en Coupe de France pendant la saison 2020-2021 contre le Toulouse FC. Je suis revenu au club apr\u00e8s avoir pass\u00e9 trois saisons&#8230;<\/p>\n","protected":false},"author":1,"featured_media":3388,"comment_status":"closed","ping_status":"closed","sticky":false,"template":"","format":"standard","meta":{"om_disable_all_campaigns":false,"_monsterinsights_skip_tracking":false,"_monsterinsights_sitenote_active":false,"_monsterinsights_sitenote_note":"","_monsterinsights_sitenote_category":0,"_kadence_starter_templates_imported_post":false,"_kad_post_transparent":"","_kad_post_title":"","_kad_post_layout":"","_kad_post_sidebar_id":"","_kad_post_content_style":"","_kad_post_vertical_padding":"","_kad_post_feature":"","_kad_post_feature_position":"","_kad_post_header":false,"_kad_post_footer":false,"footnotes":""},"categories":[8,4,7],"tags":[],"class_list":["post-3387","post","type-post","status-publish","format-standard","has-post-thumbnail","hentry","category-actualites","category-seniors","category-vie-de-club"],"yoast_head":"<!-- This site is optimized with the Yoast SEO plugin v22.2 - https:\/\/yoast.com\/wordpress\/plugins\/seo\/ -->\n<title>A la rencontre de... Enzo FOKAM - Olympique Saumur<\/title>\n<meta name=\"robots\" content=\"index, follow, max-snippet:-1, max-image-preview:large, max-video-preview:-1\" \/>\n<link rel=\"canonical\" href=\"https:\/\/olympiquesaumur.fr\/index.php\/2024\/11\/06\/a-la-rencontre-de-enzo-fokam\/\" \/>\n<meta property=\"og:locale\" content=\"fr_FR\" \/>\n<meta property=\"og:type\" content=\"article\" \/>\n<meta property=\"og:title\" content=\"A la rencontre de... Enzo FOKAM - Olympique Saumur\" \/>\n<meta property=\"og:description\" content=\"A la rencontre de&#8230; Enzo FOKAM Salut Enzo, peux-tu te pr\u00e9senter ?Salut, je m\u2019appelle Enzo Fokam, j\u2019ai 24 ans et je suis n\u00e9 le 15 novembre 1999 \u00e0 Angers. J\u2019ai particip\u00e9 \u00e0 l\u2019\u00e9pop\u00e9e en Coupe de France pendant la saison 2020-2021 contre le Toulouse FC. Je suis revenu au club apr\u00e8s avoir pass\u00e9 trois saisons...\" \/>\n<meta property=\"og:url\" content=\"https:\/\/olympiquesaumur.fr\/index.php\/2024\/11\/06\/a-la-rencontre-de-enzo-fokam\/\" \/>\n<meta property=\"og:site_name\" content=\"Olympique Saumur\" \/>\n<meta property=\"article:published_time\" content=\"2024-11-06T08:02:51+00:00\" \/>\n<meta property=\"article:modified_time\" content=\"2024-11-06T08:14:16+00:00\" \/>\n<meta property=\"og:image\" content=\"https:\/\/olympiquesaumur.fr\/wp-content\/uploads\/2024\/11\/fokam.jpeg\" \/>\n\t<meta property=\"og:image:width\" content=\"400\" \/>\n\t<meta property=\"og:image:height\" content=\"397\" \/>\n\t<meta property=\"og:image:type\" content=\"image\/jpeg\" \/>\n<meta name=\"author\" content=\"adminOSFC\" \/>\n<meta name=\"twitter:card\" content=\"summary_large_image\" \/>\n<meta name=\"twitter:label1\" content=\"\u00c9crit par\" \/>\n\t<meta name=\"twitter:data1\" content=\"adminOSFC\" \/>\n\t<meta name=\"twitter:label2\" content=\"Dur\u00e9e de lecture estim\u00e9e\" \/>\n\t<meta name=\"twitter:data2\" content=\"2 minutes\" \/>\n<script type=\"application\/ld+json\" class=\"yoast-schema-graph\">{\"@context\":\"https:\/\/schema.org\",\"@graph\":[{\"@type\":\"Article\",\"@id\":\"https:\/\/olympiquesaumur.fr\/index.php\/2024\/11\/06\/a-la-rencontre-de-enzo-fokam\/#article\",\"isPartOf\":{\"@id\":\"https:\/\/olympiquesaumur.fr\/index.php\/2024\/11\/06\/a-la-rencontre-de-enzo-fokam\/\"},\"author\":{\"name\":\"adminOSFC\",\"@id\":\"https:\/\/olympiquesaumur.fr\/#\/schema\/person\/cd78a7d38d53f8ace85eec1cebdec543\"},\"headline\":\"A la rencontre de&#8230; Enzo FOKAM\",\"datePublished\":\"2024-11-06T08:02:51+00:00\",\"dateModified\":\"2024-11-06T08:14:16+00:00\",\"mainEntityOfPage\":{\"@id\":\"https:\/\/olympiquesaumur.fr\/index.php\/2024\/11\/06\/a-la-rencontre-de-enzo-fokam\/\"},\"wordCount\":315,\"publisher\":{\"@id\":\"https:\/\/olympiquesaumur.fr\/#organization\"},\"image\":{\"@id\":\"https:\/\/olympiquesaumur.fr\/index.php\/2024\/11\/06\/a-la-rencontre-de-enzo-fokam\/#primaryimage\"},\"thumbnailUrl\":\"https:\/\/olympiquesaumur.fr\/wp-content\/uploads\/2024\/11\/fokam.jpeg\",\"articleSection\":[\"Actualit\u00e9s\",\"Seniors\",\"Vie du club\"],\"inLanguage\":\"fr-FR\"},{\"@type\":\"WebPage\",\"@id\":\"https:\/\/olympiquesaumur.fr\/index.php\/2024\/11\/06\/a-la-rencontre-de-enzo-fokam\/\",\"url\":\"https:\/\/olympiquesaumur.fr\/index.php\/2024\/11\/06\/a-la-rencontre-de-enzo-fokam\/\",\"name\":\"A la rencontre de... Enzo FOKAM - Olympique Saumur\",\"isPartOf\":{\"@id\":\"https:\/\/olympiquesaumur.fr\/#website\"},\"primaryImageOfPage\":{\"@id\":\"https:\/\/olympiquesaumur.fr\/index.php\/2024\/11\/06\/a-la-rencontre-de-enzo-fokam\/#primaryimage\"},\"image\":{\"@id\":\"https:\/\/olympiquesaumur.fr\/index.php\/2024\/11\/06\/a-la-rencontre-de-enzo-fokam\/#primaryimage\"},\"thumbnailUrl\":\"https:\/\/olympiquesaumur.fr\/wp-content\/uploads\/2024\/11\/fokam.jpeg\",\"datePublished\":\"2024-11-06T08:02:51+00:00\",\"dateModified\":\"2024-11-06T08:14:16+00:00\",\"breadcrumb\":{\"@id\":\"https:\/\/olympiquesaumur.fr\/index.php\/2024\/11\/06\/a-la-rencontre-de-enzo-fokam\/#breadcrumb\"},\"inLanguage\":\"fr-FR\",\"potentialAction\":[{\"@type\":\"ReadAction\",\"target\":[\"https:\/\/olympiquesaumur.fr\/index.php\/2024\/11\/06\/a-la-rencontre-de-enzo-fokam\/\"]}]},{\"@type\":\"ImageObject\",\"inLanguage\":\"fr-FR\",\"@id\":\"https:\/\/olympiquesaumur.fr\/index.php\/2024\/11\/06\/a-la-rencontre-de-enzo-fokam\/#primaryimage\",\"url\":\"https:\/\/olympiquesaumur.fr\/wp-content\/uploads\/2024\/11\/fokam.jpeg\",\"contentUrl\":\"https:\/\/olympiquesaumur.fr\/wp-content\/uploads\/2024\/11\/fokam.jpeg\",\"width\":400,\"height\":397},{\"@type\":\"BreadcrumbList\",\"@id\":\"https:\/\/olympiquesaumur.fr\/index.php\/2024\/11\/06\/a-la-rencontre-de-enzo-fokam\/#breadcrumb\",\"itemListElement\":[{\"@type\":\"ListItem\",\"position\":1,\"name\":\"Accueil\",\"item\":\"https:\/\/olympiquesaumur.fr\/\"},{\"@type\":\"ListItem\",\"position\":2,\"name\":\"A la rencontre de&#8230; Enzo FOKAM\"}]},{\"@type\":\"WebSite\",\"@id\":\"https:\/\/olympiquesaumur.fr\/#website\",\"url\":\"https:\/\/olympiquesaumur.fr\/\",\"name\":\"Olympique Saumur Football Club\",\"description\":\"#PARCEQUESAUMUR\",\"publisher\":{\"@id\":\"https:\/\/olympiquesaumur.fr\/#organization\"},\"alternateName\":\"OSFC\",\"potentialAction\":[{\"@type\":\"SearchAction\",\"target\":{\"@type\":\"EntryPoint\",\"urlTemplate\":\"https:\/\/olympiquesaumur.fr\/?s={search_term_string}\"},\"query-input\":\"required name=search_term_string\"}],\"inLanguage\":\"fr-FR\"},{\"@type\":\"Organization\",\"@id\":\"https:\/\/olympiquesaumur.fr\/#organization\",\"name\":\"Olympique Saumur Football Club\",\"alternateName\":\"OSFC\",\"url\":\"https:\/\/olympiquesaumur.fr\/\",\"logo\":{\"@type\":\"ImageObject\",\"inLanguage\":\"fr-FR\",\"@id\":\"https:\/\/olympiquesaumur.fr\/#\/schema\/logo\/image\/\",\"url\":\"https:\/\/olympiquesaumur.fr\/wp-content\/uploads\/2024\/03\/Logo_Olympique_Saumur.svg_.png\",\"contentUrl\":\"https:\/\/olympiquesaumur.fr\/wp-content\/uploads\/2024\/03\/Logo_Olympique_Saumur.svg_.png\",\"width\":1200,\"height\":1437,\"caption\":\"Olympique Saumur Football Club\"},\"image\":{\"@id\":\"https:\/\/olympiquesaumur.fr\/#\/schema\/logo\/image\/\"}},{\"@type\":\"Person\",\"@id\":\"https:\/\/olympiquesaumur.fr\/#\/schema\/person\/cd78a7d38d53f8ace85eec1cebdec543\",\"name\":\"adminOSFC\",\"sameAs\":[\"http:\/\/lxkduhl.cluster030.hosting.ovh.net\"]}]}<\/script>\n<!-- \/ Yoast SEO plugin. -->","yoast_head_json":{"title":"A la rencontre de... Enzo FOKAM - Olympique Saumur","robots":{"index":"index","follow":"follow","max-snippet":"max-snippet:-1","max-image-preview":"max-image-preview:large","max-video-preview":"max-video-preview:-1"},"canonical":"https:\/\/olympiquesaumur.fr\/index.php\/2024\/11\/06\/a-la-rencontre-de-enzo-fokam\/","og_locale":"fr_FR","og_type":"article","og_title":"A la rencontre de... Enzo FOKAM - Olympique Saumur","og_description":"A la rencontre de&#8230; Enzo FOKAM Salut Enzo, peux-tu te pr\u00e9senter ?Salut, je m\u2019appelle Enzo Fokam, j\u2019ai 24 ans et je suis n\u00e9 le 15 novembre 1999 \u00e0 Angers. J\u2019ai particip\u00e9 \u00e0 l\u2019\u00e9pop\u00e9e en Coupe de France pendant la saison 2020-2021 contre le Toulouse FC. Je suis revenu au club apr\u00e8s avoir pass\u00e9 trois saisons...","og_url":"https:\/\/olympiquesaumur.fr\/index.php\/2024\/11\/06\/a-la-rencontre-de-enzo-fokam\/","og_site_name":"Olympique Saumur","article_published_time":"2024-11-06T08:02:51+00:00","article_modified_time":"2024-11-06T08:14:16+00:00","og_image":[{"width":400,"height":397,"url":"https:\/\/olympiquesaumur.fr\/wp-content\/uploads\/2024\/11\/fokam.jpeg","type":"image\/jpeg"}],"author":"adminOSFC","twitter_card":"summary_large_image","twitter_misc":{"\u00c9crit par":"adminOSFC","Dur\u00e9e de lecture estim\u00e9e":"2 minutes"},"schema":{"@context":"https:\/\/schema.org","@graph":[{"@type":"Article","@id":"https:\/\/olympiquesaumur.fr\/index.php\/2024\/11\/06\/a-la-rencontre-de-enzo-fokam\/#article","isPartOf":{"@id":"https:\/\/olympiquesaumur.fr\/index.php\/2024\/11\/06\/a-la-rencontre-de-enzo-fokam\/"},"author":{"name":"adminOSFC","@id":"https:\/\/olympiquesaumur.fr\/#\/schema\/person\/cd78a7d38d53f8ace85eec1cebdec543"},"headline":"A la rencontre de&#8230; Enzo FOKAM","datePublished":"2024-11-06T08:02:51+00:00","dateModified":"2024-11-06T08:14:16+00:00","mainEntityOfPage":{"@id":"https:\/\/olympiquesaumur.fr\/index.php\/2024\/11\/06\/a-la-rencontre-de-enzo-fokam\/"},"wordCount":315,"publisher":{"@id":"https:\/\/olympiquesaumur.fr\/#organization"},"image":{"@id":"https:\/\/olympiquesaumur.fr\/index.php\/2024\/11\/06\/a-la-rencontre-de-enzo-fokam\/#primaryimage"},"thumbnailUrl":"https:\/\/olympiquesaumur.fr\/wp-content\/uploads\/2024\/11\/fokam.jpeg","articleSection":["Actualit\u00e9s","Seniors","Vie du club"],"inLanguage":"fr-FR"},{"@type":"WebPage","@id":"https:\/\/olympiquesaumur.fr\/index.php\/2024\/11\/06\/a-la-rencontre-de-enzo-fokam\/","url":"https:\/\/olympiquesaumur.fr\/index.php\/2024\/11\/06\/a-la-rencontre-de-enzo-fokam\/","name":"A la rencontre de... Enzo FOKAM - Olympique Saumur","isPartOf":{"@id":"https:\/\/olympiquesaumur.fr\/#website"},"primaryImageOfPage":{"@id":"https:\/\/olympiquesaumur.fr\/index.php\/2024\/11\/06\/a-la-rencontre-de-enzo-fokam\/#primaryimage"},"image":{"@id":"https:\/\/olympiquesaumur.fr\/index.php\/2024\/11\/06\/a-la-rencontre-de-enzo-fokam\/#primaryimage"},"thumbnailUrl":"https:\/\/olympiquesaumur.fr\/wp-content\/uploads\/2024\/11\/fokam.jpeg","datePublished":"2024-11-06T08:02:51+00:00","dateModified":"2024-11-06T08:14:16+00:00","breadcrumb":{"@id":"https:\/\/olympiquesaumur.fr\/index.php\/2024\/11\/06\/a-la-rencontre-de-enzo-fokam\/#breadcrumb"},"inLanguage":"fr-FR","potentialAction":[{"@type":"ReadAction","target":["https:\/\/olympiquesaumur.fr\/index.php\/2024\/11\/06\/a-la-rencontre-de-enzo-fokam\/"]}]},{"@type":"ImageObject","inLanguage":"fr-FR","@id":"https:\/\/olympiquesaumur.fr\/index.php\/2024\/11\/06\/a-la-rencontre-de-enzo-fokam\/#primaryimage","url":"https:\/\/olympiquesaumur.fr\/wp-content\/uploads\/2024\/11\/fokam.jpeg","contentUrl":"https:\/\/olympiquesaumur.fr\/wp-content\/uploads\/2024\/11\/fokam.jpeg","width":400,"height":397},{"@type":"BreadcrumbList","@id":"https:\/\/olympiquesaumur.fr\/index.php\/2024\/11\/06\/a-la-rencontre-de-enzo-fokam\/#breadcrumb","itemListElement":[{"@type":"ListItem","position":1,"name":"Accueil","item":"https:\/\/olympiquesaumur.fr\/"},{"@type":"ListItem","position":2,"name":"A la rencontre de&#8230; Enzo FOKAM"}]},{"@type":"WebSite","@id":"https:\/\/olympiquesaumur.fr\/#website","url":"https:\/\/olympiquesaumur.fr\/","name":"Olympique Saumur Football Club","description":"#PARCEQUESAUMUR","publisher":{"@id":"https:\/\/olympiquesaumur.fr\/#organization"},"alternateName":"OSFC","potentialAction":[{"@type":"SearchAction","target":{"@type":"EntryPoint","urlTemplate":"https:\/\/olympiquesaumur.fr\/?s={search_term_string}"},"query-input":"required name=search_term_string"}],"inLanguage":"fr-FR"},{"@type":"Organization","@id":"https:\/\/olympiquesaumur.fr\/#organization","name":"Olympique Saumur Football Club","alternateName":"OSFC","url":"https:\/\/olympiquesaumur.fr\/","logo":{"@type":"ImageObject","inLanguage":"fr-FR","@id":"https:\/\/olympiquesaumur.fr\/#\/schema\/logo\/image\/","url":"https:\/\/olympiquesaumur.fr\/wp-content\/uploads\/2024\/03\/Logo_Olympique_Saumur.svg_.png","contentUrl":"https:\/\/olympiquesaumur.fr\/wp-content\/uploads\/2024\/03\/Logo_Olympique_Saumur.svg_.png","width":1200,"height":1437,"caption":"Olympique Saumur Football Club"},"image":{"@id":"https:\/\/olympiquesaumur.fr\/#\/schema\/logo\/image\/"}},{"@type":"Person","@id":"https:\/\/olympiquesaumur.fr\/#\/schema\/person\/cd78a7d38d53f8ace85eec1cebdec543","name":"adminOSFC","sameAs":["http:\/\/lxkduhl.cluster030.hosting.ovh.net"]}]}},"_links":{"self":[{"href":"https:\/\/olympiquesaumur.fr\/index.php\/wp-json\/wp\/v2\/posts\/3387","targetHints":{"allow":["GET"]}}],"collection":[{"href":"https:\/\/olympiquesaumur.fr\/index.php\/wp-json\/wp\/v2\/posts"}],"about":[{"href":"https:\/\/olympiquesaumur.fr\/index.php\/wp-json\/wp\/v2\/types\/post"}],"author":[{"embeddable":true,"href":"https:\/\/olympiquesaumur.fr\/index.php\/wp-json\/wp\/v2\/users\/1"}],"replies":[{"embeddable":true,"href":"https:\/\/olympiquesaumur.fr\/index.php\/wp-json\/wp\/v2\/comments?post=3387"}],"version-history":[{"count":6,"href":"https:\/\/olympiquesaumur.fr\/index.php\/wp-json\/wp\/v2\/posts\/3387\/revisions"}],"predecessor-version":[{"id":3398,"href":"https:\/\/olympiquesaumur.fr\/index.php\/wp-json\/wp\/v2\/posts\/3387\/revisions\/3398"}],"wp:featuredmedia":[{"embeddable":true,"href":"https:\/\/olympiquesaumur.fr\/index.php\/wp-json\/wp\/v2\/media\/3388"}],"wp:attachment":[{"href":"https:\/\/olympiquesaumur.fr\/index.php\/wp-json\/wp\/v2\/media?parent=3387"}],"wp:term":[{"taxonomy":"category","embeddable":true,"href":"https:\/\/olympiquesaumur.fr\/index.php\/wp-json\/wp\/v2\/categories?post=3387"},{"taxonomy":"post_tag","embeddable":true,"href":"https:\/\/olympiquesaumur.fr\/index.php\/wp-json\/wp\/v2\/tags?post=3387"}],"curies":[{"name":"wp","href":"https:\/\/api.w.org\/{rel}","templated":true}]}}